{"id":8459,"date":"2022-02-07T13:35:45","date_gmt":"2022-02-07T12:35:45","guid":{"rendered":"http:\/\/www.krakauer-haus.de\/?p=8459"},"modified":"2022-04-25T15:48:50","modified_gmt":"2022-04-25T13:48:50","slug":"film-17-polnische-filmwoche-2022","status":"publish","type":"post","link":"https:\/\/www.krakauer-haus.de\/kh-test\/index.php\/2022\/02\/07\/film-17-polnische-filmwoche-2022\/","title":{"rendered":"FILM: 17. POLNISCHE FILMWOCHE 2022"},"content":{"rendered":"<p>[et_pb_section fb_built=&#8220;1&#8243; _builder_version=&#8220;4.16&#8243; global_colors_info=&#8220;{}&#8220;][et_pb_row column_structure=&#8220;1_2,1_2&#8243; _builder_version=&#8220;4.16&#8243; background_size=&#8220;initial&#8220; background_position=&#8220;top_left&#8220; background_repeat=&#8220;repeat&#8220; global_colors_info=&#8220;{}&#8220;][et_pb_column type=&#8220;1_2&#8243; _builder_version=&#8220;4.16&#8243; custom_padding=&#8220;|||&#8220; global_colors_info=&#8220;{}&#8220; custom_padding__hover=&#8220;|||&#8220;][et_pb_image src=&#8220;http:\/\/www.krakauer-haus.de\/kh-test\/wp-content\/uploads\/2022\/04\/1.-PFW2022_dinA1_bunt_LogoNBG2_1.-LogoNBG-e1650886113365.jpg&#8220; title_text=&#8220;1. PFW2022_dinA1_bunt_LogoNBG2_1. LogoNBG&#8220; _builder_version=&#8220;4.17.3&#8243; global_colors_info=&#8220;{}&#8220;][\/et_pb_image][\/et_pb_column][et_pb_column type=&#8220;1_2&#8243; _builder_version=&#8220;4.16&#8243; custom_padding=&#8220;|||&#8220; global_colors_info=&#8220;{}&#8220; custom_padding__hover=&#8220;|||&#8220;][et_pb_text _builder_version=&#8220;4.17.3&#8243; _module_preset=&#8220;default&#8220; global_colors_info=&#8220;{}&#8220;]<\/p>\n<div class=\"wpb_text_column wpb_content_element \">\n<div class=\"wpb_wrapper\">\n<p>Das <a href=\"https:\/\/www.polnische-filmwoche.de\/programm\">Programm<\/a> der 17. Polnischen Filmwoche steht!<\/p>\n<p>Die Tickets sind bald im Cinecitta erh\u00e4ltlich. <span class=\"vc_empty_space_inner\"><span class=\"empty_space_image\"><\/span><\/span><\/p>\n<\/div>\n<\/div>\n<div class=\"wpb_text_column wpb_content_element \">\n<div class=\"wpb_wrapper\">\n<p>Auch dieses Jahr haben wir tolle G\u00e4stinnen:<\/p>\n<\/div>\n<\/div>\n<div class=\"vc_empty_space\"><span class=\"vc_empty_space_inner\"><span class=\"empty_space_image\"><\/span><\/span><\/div>\n<div class=\"wpb_text_column wpb_content_element \">\n<div class=\"wpb_wrapper\">\n<p>Am 12. Mai, nach dem Film \u201eSonate\u201c trifft sich mit dem Publikum der Polnischen Filmwoche die Schauspielerin <a href=\"https:\/\/www.polnische-filmwoche.de\/gast-malgorzata-foremniak\">Ma\u0142gorzata Foremniak<\/a>.<\/p>\n<\/div>\n<\/div>\n<div class=\"vc_empty_space\"><span class=\"vc_empty_space_inner\"><span class=\"empty_space_image\"><\/span><\/span><\/div>\n<div class=\"wpb_text_column wpb_content_element \">\n<div class=\"wpb_wrapper\">\n<p>Und am\u00a0 14. Mai kommt die Autorin <a href=\"https:\/\/www.polnische-filmwoche.de\/gast-dorota-maslowska\">Dorota Mas\u0142owska<\/a>mit dem Film \u201eAndere Leute\u201c.\u00a0 Dem Film von Aleksandra Terpi\u0144ska liegt das gleichnamige Buch \u201eInni Ludzie\u201c von Dorota Mas\u0142owska zugrunde, das auch auf Deutsch erschienen ist.<\/p>\n<\/div>\n<\/div>\n<div class=\"vc_empty_space\"><span class=\"vc_empty_space_inner\"><\/span><\/div>\n<p>&nbsp;<\/p>\n<p>[\/et_pb_text][\/et_pb_column][\/et_pb_row][et_pb_row _builder_version=&#8220;4.17.3&#8243; _module_preset=&#8220;default&#8220; global_colors_info=&#8220;{}&#8220;][et_pb_column type=&#8220;4_4&#8243; _builder_version=&#8220;4.17.3&#8243; _module_preset=&#8220;default&#8220; global_colors_info=&#8220;{}&#8220;][et_pb_text _builder_version=&#8220;4.17.3&#8243; background_size=&#8220;initial&#8220; background_position=&#8220;top_left&#8220; background_repeat=&#8220;repeat&#8220; locked=&#8220;off&#8220; global_colors_info=&#8220;{}&#8220;]<\/p>\n<h1><span style=\"color: #008080;\"><\/span><\/h1>\n<h1><span style=\"color: #008080;\"><\/span><\/h1>\n<h1><span style=\"color: #ff6600;\">mehr Informationen \u00a0\u2192 \u00a0<a href=\"https:\/\/www.polnische-filmwoche.de\" target=\"_blank\" rel=\"noopener\" style=\"color: #ff6600;\"><strong>\u00a0www.polnische-filmwoche.de<\/strong><\/a><\/span><\/h1>\n<p>&nbsp;<\/p>\n<p>[\/et_pb_text][\/et_pb_column][\/et_pb_row][\/et_pb_section][et_pb_section fb_built=&#8220;1&#8243; _builder_version=&#8220;4.17.3&#8243; _module_preset=&#8220;default&#8220; global_colors_info=&#8220;{}&#8220;][et_pb_row _builder_version=&#8220;4.17.3&#8243; _module_preset=&#8220;default&#8220; global_colors_info=&#8220;{}&#8220;][et_pb_column type=&#8220;4_4&#8243; _builder_version=&#8220;4.17.3&#8243; _module_preset=&#8220;default&#8220; global_colors_info=&#8220;{}&#8220;][et_pb_text _builder_version=&#8220;4.17.3&#8243; _module_preset=&#8220;default&#8220; global_colors_info=&#8220;{}&#8220;]<\/p>\n<p>Krakauer Haus in Kooperation mit:<\/p>\n<p>[\/et_pb_text][\/et_pb_column][\/et_pb_row][et_pb_row column_structure=&#8220;1_5,1_5,1_5,1_5,1_5&#8243; _builder_version=&#8220;4.17.3&#8243; _module_preset=&#8220;default&#8220; global_colors_info=&#8220;{}&#8220;][et_pb_column type=&#8220;1_5&#8243; _builder_version=&#8220;4.17.3&#8243; _module_preset=&#8220;default&#8220; global_colors_info=&#8220;{}&#8220;][et_pb_image src=&#8220;http:\/\/www.krakauer-haus.de\/kh-test\/wp-content\/uploads\/2019\/03\/FajnyFilm-e.V.LOGO_black-300&#215;215.png&#8220; title_text=&#8220;FajnyFilm e.V.LOGO_black&#8220; _builder_version=&#8220;4.17.3&#8243; _module_preset=&#8220;default&#8220; global_colors_info=&#8220;{}&#8220;][\/et_pb_image][\/et_pb_column][et_pb_column type=&#8220;1_5&#8243; _builder_version=&#8220;4.17.3&#8243; _module_preset=&#8220;default&#8220; global_colors_info=&#8220;{}&#8220;][\/et_pb_column][et_pb_column type=&#8220;1_5&#8243; _builder_version=&#8220;4.17.3&#8243; _module_preset=&#8220;default&#8220; global_colors_info=&#8220;{}&#8220;][et_pb_image src=&#8220;http:\/\/www.krakauer-haus.de\/kh-test\/wp-content\/uploads\/2022\/04\/csm_nuernberg_logo_grey_491x276_89419ac90b.png&#8220; alt=&#8220;logo Stadt N\u00fcrnberg&#8220; title_text=&#8220;csm_nuernberg_logo_grey_491x276_89419ac90b&#8220; _builder_version=&#8220;4.17.3&#8243; _module_preset=&#8220;default&#8220; global_colors_info=&#8220;{}&#8220;][\/et_pb_image][\/et_pb_column][et_pb_column type=&#8220;1_5&#8243; _builder_version=&#8220;4.17.3&#8243; _module_preset=&#8220;default&#8220; global_colors_info=&#8220;{}&#8220;][\/et_pb_column][et_pb_column type=&#8220;1_5&#8243; _builder_version=&#8220;4.17.3&#8243; _module_preset=&#8220;default&#8220; global_colors_info=&#8220;{}&#8220;][et_pb_image src=&#8220;http:\/\/www.krakauer-haus.de\/kh-test\/wp-content\/uploads\/2021\/11\/LogoKTeV-grau-01-150&#215;150.png&#8220; title_text=&#8220;LogoKTeV grau-01&#8243; _builder_version=&#8220;4.17.3&#8243; _module_preset=&#8220;default&#8220; global_colors_info=&#8220;{}&#8220;][\/et_pb_image][\/et_pb_column][\/et_pb_row][\/et_pb_section]<\/p>\n","protected":false},"excerpt":{"rendered":"<p>12.-18 Mai \/ IM CINECITTA<\/p>\n","protected":false},"author":2,"featured_media":8460,"comment_status":"closed","ping_status":"closed","sticky":false,"template":"","format":"standard","meta":{"_et_pb_use_builder":"on","_et_pb_old_content":"<p>Liebe Freunde der Polnischen Filmwoche,<\/p><p>Die 15. Filmwoche konnte zwar nicht stattfinden \u2013 aber wir sehen uns trotzdem!<br \/>Und zwar <strong>auf AEG, zu Gast beim Sommernachtfestival<\/strong>: F\u00fcrther Str. 244 d (Hof D, vor der Kulturwerkstatt), 90429 N\u00fcrnberg \/\/ Anfahrt: U1 Richtung F\u00fcrth, Eberhardshof \/\/ Vorf\u00fchrung bei jedem Wetter, Verpflegung: Getr\u00e4nke- und Snackverkauf durch Gastronomie Tellerrand<\/p><p><strong>Einlass 19.30 Uhr, Beginn 20.30<\/strong><\/p><p>Es gibt jetzt einen Grund zur Freude \u2013 wir k\u00f6nnen uns trotz allem dieses Jahres treffen und gemeinsam polnische Filme schauen! Zu Gast beim SommerNachtFilmfestival zeigen wir drei Filme aus unserem Fundus. Zwei davon sind bereits in dem regul\u00e4ren Programm unseres Festivals gelaufen und geh\u00f6ren zu unseren absoluten Lieblingsfilmen, mit magischen Bildern, wundersch\u00f6ner Musik und poetisch erz\u00e4hlten Geschichten. Wie f\u00fcrs Sommerkino gedreht! Und einen neuen Film haben wir auch, den lang ersehnten Oscar-Kandidaten von 2019: \u201eCorpus Christi\u201c.<br \/><a href=\"https:\/\/www.polnische-filmwoche.de\/programm\" target=\"_blank\" rel=\"noopener noreferrer\">Hier geht es zum Programm<\/a><\/p><p>\u00a0<\/p>","_et_gb_content_width":"","_price":"","_stock":"","_tribe_ticket_header":"","_tribe_default_ticket_provider":"","_tribe_ticket_capacity":"0","_ticket_start_date":"","_ticket_end_date":"","_tribe_ticket_show_description":"","_tribe_ticket_show_not_going":false,"_tribe_ticket_use_global_stock":"","_tribe_ticket_global_stock_level":"","_global_stock_mode":"","_global_stock_cap":"","_tribe_rsvp_for_event":"","_tribe_ticket_going_count":"","_tribe_ticket_not_going_count":"","_tribe_tickets_list":"[]","_tribe_ticket_has_attendee_info_fields":false,"footnotes":""},"categories":[35,20],"tags":[],"class_list":["post-8459","post","type-post","status-publish","format-standard","has-post-thumbnail","hentry","category-festival","category-kino"],"_links":{"self":[{"href":"https:\/\/www.krakauer-haus.de\/kh-test\/index.php\/wp-json\/wp\/v2\/posts\/8459","targetHints":{"allow":["GET"]}}],"collection":[{"href":"https:\/\/www.krakauer-haus.de\/kh-test\/index.php\/wp-json\/wp\/v2\/posts"}],"about":[{"href":"https:\/\/www.krakauer-haus.de\/kh-test\/index.php\/wp-json\/wp\/v2\/types\/post"}],"author":[{"embeddable":true,"href":"https:\/\/www.krakauer-haus.de\/kh-test\/index.php\/wp-json\/wp\/v2\/users\/2"}],"replies":[{"embeddable":true,"href":"https:\/\/www.krakauer-haus.de\/kh-test\/index.php\/wp-json\/wp\/v2\/comments?post=8459"}],"version-history":[{"count":9,"href":"https:\/\/www.krakauer-haus.de\/kh-test\/index.php\/wp-json\/wp\/v2\/posts\/8459\/revisions"}],"predecessor-version":[{"id":8530,"href":"https:\/\/www.krakauer-haus.de\/kh-test\/index.php\/wp-json\/wp\/v2\/posts\/8459\/revisions\/8530"}],"wp:featuredmedia":[{"embeddable":true,"href":"https:\/\/www.krakauer-haus.de\/kh-test\/index.php\/wp-json\/wp\/v2\/media\/8460"}],"wp:attachment":[{"href":"https:\/\/www.krakauer-haus.de\/kh-test\/index.php\/wp-json\/wp\/v2\/media?parent=8459"}],"wp:term":[{"taxonomy":"category","embeddable":true,"href":"https:\/\/www.krakauer-haus.de\/kh-test\/index.php\/wp-json\/wp\/v2\/categories?post=8459"},{"taxonomy":"post_tag","embeddable":true,"href":"https:\/\/www.krakauer-haus.de\/kh-test\/index.php\/wp-json\/wp\/v2\/tags?post=8459"}],"curies":[{"name":"wp","href":"https:\/\/api.w.org\/{rel}","templated":true}]}}