{"id":8164,"date":"2022-02-09T21:11:18","date_gmt":"2022-02-09T20:11:18","guid":{"rendered":"http:\/\/www.krakauer-haus.de\/?p=8164"},"modified":"2022-04-25T15:43:14","modified_gmt":"2022-04-25T13:43:14","slug":"again-malgorzata-markiewicz-julia-medynska","status":"publish","type":"post","link":"https:\/\/www.krakauer-haus.de\/kh-test\/index.php\/2022\/02\/09\/again-malgorzata-markiewicz-julia-medynska\/","title":{"rendered":"AGAIN : Ma\u0142gorzata Markiewicz &#038; Julia Medy\u0144ska"},"content":{"rendered":"<p>[et_pb_section fb_built=&#8220;1&#8243; _builder_version=&#8220;4.16&#8243; custom_margin=&#8220;11px|||||&#8220; custom_padding=&#8220;24px||6px|||&#8220; collapsed=&#8220;off&#8220; global_colors_info=&#8220;{}&#8220;][et_pb_row _builder_version=&#8220;4.16&#8243; custom_padding=&#8220;0px|||||&#8220; global_colors_info=&#8220;{}&#8220;][et_pb_column type=&#8220;4_4&#8243; _builder_version=&#8220;4.16&#8243; global_colors_info=&#8220;{}&#8220;][et_pb_text _builder_version=&#8220;4.16&#8243; background_color=&#8220;#ededed&#8220; min_height=&#8220;281px&#8220; custom_padding=&#8220;0px||0px|||&#8220; global_colors_info=&#8220;{}&#8220;]<\/p>\n<p style=\"text-align: center;\"><span style=\"color: #cc99ff;\"><\/span><\/p>\n<p style=\"text-align: center;\"><span style=\"color: #cc99ff;\">Ausstellungszeit: 25. M\u00e4rz &#8211; 29. April 2022<\/span><\/p>\n<p style=\"text-align: center;\"><span style=\"color: #cc99ff;\">\u00d6ffnungszeiten: <strong><br \/>donnerstags: 14-18 Uhr<br \/>freitags: 14-18 Uhr<br \/><\/strong>und nach Vereinbarung: <br \/><\/span><span style=\"color: #cc99ff;\">kontakt@krakauer-haus.de<\/span><\/p>\n<p style=\"text-align: center;\"><span style=\"color: #cc99ff;\">Ort:<br \/>Galerie des\u00a0Krakauer Hauses, <br \/>Hintere Insel Sch\u00fctt 34, <br \/>90403 N\u00fcrnberg<\/span><\/p>\n<p style=\"text-align: center;\"><span style=\"color: #cc99ff;\"><\/span><\/p>\n<p style=\"text-align: center;\"><span style=\"color: #cc99ff;\">Kuratiert von: Dr. Chiara Seidl und Kasia Prusik-Lutz<\/span><\/p>\n<p>[\/et_pb_text][\/et_pb_column][\/et_pb_row][\/et_pb_section][et_pb_section fb_built=&#8220;1&#8243; _builder_version=&#8220;4.16&#8243; _module_preset=&#8220;default&#8220; custom_padding=&#8220;14px||8px|||&#8220; global_colors_info=&#8220;{}&#8220;][et_pb_row column_structure=&#8220;1_3,1_3,1_3&#8243; _builder_version=&#8220;4.16&#8243; _module_preset=&#8220;default&#8220; global_colors_info=&#8220;{}&#8220;][et_pb_column type=&#8220;1_3&#8243; _builder_version=&#8220;4.16&#8243; _module_preset=&#8220;default&#8220; global_colors_info=&#8220;{}&#8220;][et_pb_button button_url=&#8220;http:\/\/www.krakauer-haus.de\/kh-test\/wp-content\/uploads\/2022\/03\/lostfound_3_dinA-3-plus-3mmanschnitt.pdf&#8220; button_text=&#8220;Plakat 26.3.2022&#8243; button_alignment=&#8220;center&#8220; _builder_version=&#8220;4.16&#8243; _module_preset=&#8220;default&#8220; custom_button=&#8220;on&#8220; button_text_size=&#8220;10px&#8220; button_border_width=&#8220;1px&#8220; button_border_radius=&#8220;1px&#8220; global_colors_info=&#8220;{}&#8220;][\/et_pb_button][\/et_pb_column][et_pb_column type=&#8220;1_3&#8243; _builder_version=&#8220;4.16&#8243; _module_preset=&#8220;default&#8220; global_colors_info=&#8220;{}&#8220;][et_pb_button button_url=&#8220;http:\/\/www.krakauer-haus.de\/kh-test\/wp-content\/uploads\/2022\/03\/AGAIN2_dinA-3-plus-3mmanschnitt.pdf&#8220; button_text=&#8220;Plakat 25.3.2022&#8243; button_alignment=&#8220;center&#8220; _builder_version=&#8220;4.16.1&#8243; _module_preset=&#8220;default&#8220; custom_button=&#8220;on&#8220; button_text_size=&#8220;10px&#8220; button_border_width=&#8220;1px&#8220; button_border_radius=&#8220;1px&#8220; global_colors_info=&#8220;{}&#8220;][\/et_pb_button][\/et_pb_column][et_pb_column type=&#8220;1_3&#8243; _builder_version=&#8220;4.16&#8243; _module_preset=&#8220;default&#8220; global_colors_info=&#8220;{}&#8220;][et_pb_button button_url=&#8220;http:\/\/www.krakauer-haus.de\/kh-test\/wp-content\/uploads\/2022\/03\/Faltblatt-DInA-LANG-hoch_A.pdf&#8220; button_text=&#8220;Flyer                  HOUSE OF MICE&#8220; button_alignment=&#8220;center&#8220; _builder_version=&#8220;4.16.1&#8243; _module_preset=&#8220;default&#8220; custom_button=&#8220;on&#8220; button_text_size=&#8220;10px&#8220; button_border_width=&#8220;1px&#8220; button_border_radius=&#8220;1px&#8220; global_colors_info=&#8220;{}&#8220;][\/et_pb_button][\/et_pb_column][\/et_pb_row][et_pb_row _builder_version=&#8220;4.16&#8243; _module_preset=&#8220;default&#8220; global_colors_info=&#8220;{}&#8220;][et_pb_column type=&#8220;4_4&#8243; _builder_version=&#8220;4.16&#8243; _module_preset=&#8220;default&#8220; global_colors_info=&#8220;{}&#8220;][et_pb_image src=&#8220;http:\/\/www.krakauer-haus.de\/kh-test\/wp-content\/uploads\/2022\/02\/FB-Eventsbild_-Again_Markiewicz_Medynska_pink_Zeichenflaeche-1-1-scaled.jpg&#8220; title_text=&#8220;FB Eventsbild_ Again_Markiewicz_Medynska_pink_Zeichenfl\u00e4che 1&#8243; _builder_version=&#8220;4.16&#8243; _module_preset=&#8220;default&#8220; global_colors_info=&#8220;{}&#8220;][\/et_pb_image][\/et_pb_column][\/et_pb_row][et_pb_row _builder_version=&#8220;4.16&#8243; _module_preset=&#8220;default&#8220; global_colors_info=&#8220;{}&#8220;][et_pb_column type=&#8220;4_4&#8243; _builder_version=&#8220;4.16&#8243; _module_preset=&#8220;default&#8220; global_colors_info=&#8220;{}&#8220;][et_pb_text _builder_version=&#8220;4.16.1&#8243; _module_preset=&#8220;default&#8220; text_font_size=&#8220;15px&#8220; header_font=&#8220;|700|||||||&#8220; header_font_size=&#8220;20px&#8220; header_2_font=&#8220;|700|||||||&#8220; header_2_font_size=&#8220;19px&#8220; header_2_letter_spacing=&#8220;1px&#8220; header_2_line_height=&#8220;1.5em&#8220; module_alignment=&#8220;center&#8220; global_colors_info=&#8220;{}&#8220;]<\/p>\n<h2 style=\"text-align: center;\"><span style=\"color: #000000;\">Eine multimediale Ausstellung des polnischen K\u00fcnstlerinnenkollektivs<\/span><br \/><span style=\"color: #000000;\"><strong>HOUSE OF MICE<\/strong><\/span><\/h2>\n<p><strong><\/strong><\/p>\n<p>[\/et_pb_text][\/et_pb_column][\/et_pb_row][et_pb_row _builder_version=&#8220;4.16.1&#8243; _module_preset=&#8220;default&#8220; global_colors_info=&#8220;{}&#8220;][et_pb_column type=&#8220;4_4&#8243; _builder_version=&#8220;4.16.1&#8243; _module_preset=&#8220;default&#8220; global_colors_info=&#8220;{}&#8220;][et_pb_text _builder_version=&#8220;4.16.1&#8243; _module_preset=&#8220;default&#8220; global_colors_info=&#8220;{}&#8220;]<\/p>\n<p>Foto: <span>\u00a9 Khrystyna Jalowa<\/span><\/p>\n<p>[\/et_pb_text][et_pb_gallery gallery_ids=&#8220;8401,8417,8415,8414&#8243; fullwidth=&#8220;on&#8220; _builder_version=&#8220;4.16.1&#8243; _module_preset=&#8220;default&#8220; auto=&#8220;on&#8220; auto_speed=&#8220;2000&#8243; global_colors_info=&#8220;{}&#8220;][\/et_pb_gallery][et_pb_gallery gallery_ids=&#8220;8380,8379,8389,8396&#8243; fullwidth=&#8220;on&#8220; _builder_version=&#8220;4.16.1&#8243; _module_preset=&#8220;default&#8220; auto=&#8220;on&#8220; auto_speed=&#8220;2000&#8243; global_colors_info=&#8220;{}&#8220;][\/et_pb_gallery][et_pb_gallery gallery_ids=&#8220;8410,8378,8372,8371&#8243; fullwidth=&#8220;on&#8220; _builder_version=&#8220;4.16.1&#8243; _module_preset=&#8220;default&#8220; auto=&#8220;on&#8220; auto_speed=&#8220;2000&#8243; global_colors_info=&#8220;{}&#8220;][\/et_pb_gallery][et_pb_gallery gallery_ids=&#8220;8386,8381,8402,8374&#8243; fullwidth=&#8220;on&#8220; _builder_version=&#8220;4.16.1&#8243; _module_preset=&#8220;default&#8220; auto=&#8220;on&#8220; auto_speed=&#8220;2000&#8243; global_colors_info=&#8220;{}&#8220;][\/et_pb_gallery][\/et_pb_column][\/et_pb_row][\/et_pb_section][et_pb_section fb_built=&#8220;1&#8243; _builder_version=&#8220;4.16&#8243; _module_preset=&#8220;default&#8220; custom_padding=&#8220;||8px|||&#8220; global_colors_info=&#8220;{}&#8220;][et_pb_row column_structure=&#8220;1_2,1_2&#8243; _builder_version=&#8220;4.16&#8243; _module_preset=&#8220;default&#8220; global_colors_info=&#8220;{}&#8220;][et_pb_column type=&#8220;1_2&#8243; _builder_version=&#8220;4.16&#8243; _module_preset=&#8220;default&#8220; global_colors_info=&#8220;{}&#8220;][et_pb_text _builder_version=&#8220;4.16.1&#8243; _module_preset=&#8220;default&#8220; header_font=&#8220;Archivo|600|||||||&#8220; header_font_size=&#8220;18px&#8220; header_letter_spacing=&#8220;1px&#8220; header_line_height=&#8220;1.2em&#8220; global_colors_info=&#8220;{}&#8220;]<\/p>\n<div class=\"cxmmr5t8 oygrvhab hcukyx3x c1et5uql o9v6fnle\">\n<p><span style=\"color: #cc99ff;\"><strong>Vernissage: <\/strong><\/span><span style=\"color: #cc99ff;\"><strong>Freitag, 25. M\u00e4rz, 18 Uhr<\/strong><\/span><br \/><span style=\"color: #333333;\"><strong>im Krakauer Haus,<\/strong><\/span><br \/><span style=\"color: #333333;\"><strong>Hintere Insel Sch\u00fctt 34, 90403 N\u00fcrnberg<\/strong><\/span><\/p>\n<p><span style=\"color: #333333;\"><strong><\/strong><strong>Dauer der Ausstellung: 25. M\u00e4rz bis 29. April 2022<\/strong><\/span><strong><\/strong><\/p>\n<p><strong><a href=\"https:\/\/modulgalerie.de\/ausstellungen\/lost-found\/\" target=\"_blank\" rel=\"noopener\"><span style=\"color: #008080;\">Begleitveranstaltung in der Modulgalerie \u2192<\/span><\/a><\/strong><\/p>\n<\/div>\n<div class=\"cxmmr5t8 oygrvhab hcukyx3x c1et5uql o9v6fnle\">\n<p><strong>\u00a0<\/strong><strong><\/strong><\/p>\n<\/div>\n<div class=\"cxmmr5t8 oygrvhab hcukyx3x c1et5uql o9v6fnle\" style=\"text-align: justify;\">\n<p>Das Krakauer Haus pr\u00e4sentiert erstmal das polnische K\u00fcnstlerinnenkollektiv <strong>Julia Medy\u0144ska<\/strong> und <strong>Ma\u0142gorzata Markiewicz<\/strong> in Zusammenarbeit mit der Kunsthistorikerin <strong>Dr. Chiara Seidl.<\/strong><br \/>In ihrem N\u00fcrnberger Deb\u00fct geht \u201eHouse of Mice\u201c mit einer multimedialen Installation der Bedeutung von Heimat und ihrer Verortung nach.<br \/>Basierend auf die polnische Herkunft von Medy\u0144ska und Markiewicz sch\u00f6pfen die K\u00fcnstlerinnen aus ihren eigenen Biographien in erster Linie als K\u00fcnstlerinnen, aber auch als Hausfrauen, und M\u00fctter und verleihen ihren Werken damit eine weibliche Stimme. Spielerisch geht das Kollektiv auf identit\u00e4tsstiftende Fragen und Mentalit\u00e4tsaspekte ihrer Heimat ein, die eine klassische Auffassung des Heims als Ort selbst, sowie der Rolle der Frau als Hauptverantwortliche f\u00fcr das Heim im Innen- und Au\u00dfenraum hervorhebt.<br \/>Teil 2 der Ausstellung befindet sich in der Modulgalerie im \u00f6ffentlichen Raum N\u00fcrnbergs.<\/p>\n<div class=\"page\" title=\"Page 1\">\n<div class=\"layoutArea\">\n<div class=\"column\">\n<p><span>Die Ausstellung ko\u0308nnen Sie noch bis zum 29. April erkunden und alle Werke stehen auch zum Verkauf.<\/span><\/p>\n<\/div>\n<\/div>\n<\/div>\n<p>&nbsp;<\/p>\n<p>\u201eHouse of Mice\u201c ist Teil des internationalen Projektes <a href=\"https:\/\/www.project-unlocked.com\" target=\"_blank\" rel=\"noopener\">\u201eProject Unlocked\u201c<\/a> kuratiert von Dr. Chiara Seidl<\/p>\n<p>&nbsp;<\/p>\n<\/div>\n<div class=\"cxmmr5t8 oygrvhab hcukyx3x c1et5uql o9v6fnle\" style=\"text-align: justify;\">Die Ausstellung im Krakauer Haus ist kuratiert von: Dr. Chiara Seidl und Kasia Prusik-Lutz<\/div>\n<div class=\"cxmmr5t8 oygrvhab hcukyx3x c1et5uql o9v6fnle\" style=\"text-align: justify;\"><\/div>\n<div class=\"cxmmr5t8 oygrvhab hcukyx3x c1et5uql o9v6fnle\" style=\"text-align: justify;\"><a class=\"oajrlxb2 g5ia77u1 qu0x051f esr5mh6w e9989ue4 r7d6kgcz rq0escxv nhd2j8a9 nc684nl6 p7hjln8o kvgmc6g5 cxmmr5t8 oygrvhab hcukyx3x jb3vyjys rz4wbd8a qt6c0cv9 a8nywdso i1ao9s8h esuyzwwr f1sip0of lzcic4wl gpro0wi8 py34i1dx\" href=\"https:\/\/project-unlocked.com\" rel=\"nofollow noopener\" role=\"link\" target=\"_blank\" tabindex=\"0\">www.project-unlocked.com\u00a0<\/a><br \/><a class=\"oajrlxb2 g5ia77u1 qu0x051f esr5mh6w e9989ue4 r7d6kgcz rq0escxv nhd2j8a9 nc684nl6 p7hjln8o kvgmc6g5 cxmmr5t8 oygrvhab hcukyx3x jb3vyjys rz4wbd8a qt6c0cv9 a8nywdso i1ao9s8h esuyzwwr f1sip0of lzcic4wl gpro0wi8 py34i1dx\" href=\"https:\/\/csartpartners.com\" rel=\"nofollow noopener\" role=\"link\" target=\"_blank\" tabindex=\"0\">www.csartpartners.com<\/a><br \/><a class=\"oajrlxb2 g5ia77u1 qu0x051f esr5mh6w e9989ue4 r7d6kgcz rq0escxv nhd2j8a9 nc684nl6 p7hjln8o kvgmc6g5 cxmmr5t8 oygrvhab hcukyx3x jb3vyjys rz4wbd8a qt6c0cv9 a8nywdso i1ao9s8h esuyzwwr f1sip0of lzcic4wl gpro0wi8 py34i1dx\" href=\"https:\/\/modulgalerie.de\" rel=\"nofollow noopener\" role=\"link\" target=\"_blank\" tabindex=\"0\">www.modulgalerie.de<\/a><br \/><a class=\"oajrlxb2 g5ia77u1 qu0x051f esr5mh6w e9989ue4 r7d6kgcz rq0escxv nhd2j8a9 nc684nl6 p7hjln8o kvgmc6g5 cxmmr5t8 oygrvhab hcukyx3x jb3vyjys rz4wbd8a qt6c0cv9 a8nywdso i1ao9s8h esuyzwwr f1sip0of lzcic4wl gpro0wi8 py34i1dx\" href=\"https:\/\/krakauer-haus.de\" rel=\"nofollow noopener\" role=\"link\" target=\"_blank\" tabindex=\"0\">www.krakauer-haus.de\u00a0<\/a><\/div>\n<div class=\"cxmmr5t8 oygrvhab hcukyx3x c1et5uql o9v6fnle\" style=\"text-align: justify;\"><a href=\"https:\/\/www.house-of-mice.com\/\" target=\"_blank\" rel=\"noopener\">www.house-of-mice.com<\/a><\/div>\n<p>[\/et_pb_text][\/et_pb_column][et_pb_column type=&#8220;1_2&#8243; _builder_version=&#8220;4.16&#8243; _module_preset=&#8220;default&#8220; global_colors_info=&#8220;{}&#8220;][et_pb_image src=&#8220;http:\/\/www.krakauer-haus.de\/kh-test\/wp-content\/uploads\/2022\/02\/M.Markiewicz_2_copyright-Grzesiek-Mart-scaled-e1644423720505.jpg&#8220; title_text=&#8220;M.Markiewicz_2_copyright Grzesiek Mart&#8220; _builder_version=&#8220;4.16&#8243; _module_preset=&#8220;default&#8220; global_colors_info=&#8220;{}&#8220;][\/et_pb_image][et_pb_text _builder_version=&#8220;4.16&#8243; _module_preset=&#8220;default&#8220; global_colors_info=&#8220;{}&#8220;]<\/p>\n<p>Ma\u0142gorzata Markiewicz<br \/>Foto: <span>\u00a9 Grzesiek Mart<\/span><\/p>\n<p>[\/et_pb_text][et_pb_image src=&#8220;http:\/\/www.krakauer-haus.de\/kh-test\/wp-content\/uploads\/2022\/02\/J.-Medynska_1_copyright-Dominik-Tiefenthaler-1024&#215;681.jpg&#8220; title_text=&#8220;J. Medynska_1_copyright Dominik Tiefenthaler&#8220; _builder_version=&#8220;4.16&#8243; _module_preset=&#8220;default&#8220; global_colors_info=&#8220;{}&#8220;][\/et_pb_image][et_pb_text _builder_version=&#8220;4.16&#8243; _module_preset=&#8220;default&#8220; global_colors_info=&#8220;{}&#8220;]<\/p>\n<p>Julia Medy\u0144ska<br \/>Foto: <span>\u00a9\u00a0<\/span>Dominik Tiefenthaler<\/p>\n<p>[\/et_pb_text][et_pb_image src=&#8220;http:\/\/www.krakauer-haus.de\/kh-test\/wp-content\/uploads\/2022\/02\/copyright-Barbara-Varjacic-Kopie-1024&#215;684.jpg&#8220; title_text=&#8220;copyright Barbara Varjacic Kopie&#8220; _builder_version=&#8220;4.16&#8243; _module_preset=&#8220;default&#8220; global_colors_info=&#8220;{}&#8220;][\/et_pb_image][et_pb_text _builder_version=&#8220;4.16&#8243; _module_preset=&#8220;default&#8220; global_colors_info=&#8220;{}&#8220;]<\/p>\n<p>Dr. Chiara Seidl<br \/>Foto: <span>\u00a9 Barbara Varjacic<\/span><\/p>\n<p>[\/et_pb_text][\/et_pb_column][\/et_pb_row][\/et_pb_section][et_pb_section fb_built=&#8220;1&#8243; _builder_version=&#8220;4.16&#8243; custom_margin=&#8220;11px|||||&#8220; custom_padding=&#8220;24px|||||&#8220; collapsed=&#8220;off&#8220; global_colors_info=&#8220;{}&#8220;][et_pb_row _builder_version=&#8220;4.16&#8243; custom_padding=&#8220;0px|||||&#8220; global_colors_info=&#8220;{}&#8220;][et_pb_column type=&#8220;4_4&#8243; _builder_version=&#8220;4.16&#8243; global_colors_info=&#8220;{}&#8220;][et_pb_text _builder_version=&#8220;4.16&#8243; background_color=&#8220;#ededed&#8220; min_height=&#8220;281px&#8220; custom_padding=&#8220;0px||0px|||&#8220; global_colors_info=&#8220;{}&#8220;]<\/p>\n<p style=\"text-align: center;\"><span style=\"color: #cc99ff;\"><\/span><\/p>\n<p style=\"text-align: center;\"><span style=\"color: #cc99ff;\">Ausstellungszeit: 25. M\u00e4rz &#8211; 29. April 2022<\/span><\/p>\n<p style=\"text-align: center;\"><span style=\"color: #cc99ff;\">\u00d6ffnungszeiten: <strong><br \/>donnerstags: 14-18 Uhr<br \/>freitags: 14-18 Uhr<br \/><\/strong>und nach Vereinbarung: <br \/><\/span><span style=\"color: #cc99ff;\">kontakt@krakauer-haus.de<\/span><\/p>\n<p style=\"text-align: center;\"><span style=\"color: #cc99ff;\">Ort:<br \/>Galerie des\u00a0Krakauer Hauses, <br \/>Hintere Insel Sch\u00fctt 34, <br \/>90403 N\u00fcrnberg<\/span><\/p>\n<p style=\"text-align: center;\"><span style=\"color: #cc99ff;\"><\/span><\/p>\n<p style=\"text-align: center;\"><span style=\"color: #cc99ff;\">Kuratiert von: Dr. Chiara Seidl und Kasia Prusik-Lutz<\/span><\/p>\n<p>[\/et_pb_text][\/et_pb_column][\/et_pb_row][\/et_pb_section][et_pb_section fb_built=&#8220;1&#8243; _builder_version=&#8220;4.16&#8243; _module_preset=&#8220;default&#8220; global_colors_info=&#8220;{}&#8220;][et_pb_row column_structure=&#8220;1_2,1_2&#8243; _builder_version=&#8220;4.16&#8243; _module_preset=&#8220;default&#8220; global_colors_info=&#8220;{}&#8220;][et_pb_column type=&#8220;1_2&#8243; _builder_version=&#8220;4.16&#8243; _module_preset=&#8220;default&#8220; global_colors_info=&#8220;{}&#8220;][et_pb_text _builder_version=&#8220;4.16&#8243; _module_preset=&#8220;default&#8220; global_colors_info=&#8220;{}&#8220;]<\/p>\n<p>25. M\u00c4RZ, 18 Uhr im Krakauer Haus<\/p>\n<p>[\/et_pb_text][et_pb_image src=&#8220;http:\/\/www.krakauer-haus.de\/kh-test\/wp-content\/uploads\/2022\/03\/AGAIN2_dinA-3-plus-3mmanschnitt_Zeichenflaeche-1-e1646573819414.png&#8220; title_text=&#8220;AGAIN2_dinA 3 plus 3mmanschnitt&#8220; _builder_version=&#8220;4.16&#8243; _module_preset=&#8220;default&#8220; global_colors_info=&#8220;{}&#8220;][\/et_pb_image][\/et_pb_column][et_pb_column type=&#8220;1_2&#8243; _builder_version=&#8220;4.16&#8243; _module_preset=&#8220;default&#8220; global_colors_info=&#8220;{}&#8220;][et_pb_text _builder_version=&#8220;4.16&#8243; _module_preset=&#8220;default&#8220; global_colors_info=&#8220;{}&#8220;]<\/p>\n<p>26. M\u00c4RZ, 18 Uhr in der Modulgalerie<\/p>\n<p>[\/et_pb_text][et_pb_image src=&#8220;http:\/\/www.krakauer-haus.de\/kh-test\/wp-content\/uploads\/2022\/03\/lostfound_3_dinA-3-plus-3mmanschnitt_Zeichenflaeche-1.png&#8220; title_text=&#8220;lost&#038;found_3_dinA 3 plus 3mmanschnitt_Zeichenfl\u00e4che 1&#8243; _builder_version=&#8220;4.16&#8243; _module_preset=&#8220;default&#8220; global_colors_info=&#8220;{}&#8220;][\/et_pb_image][et_pb_text _builder_version=&#8220;4.16&#8243; _module_preset=&#8220;default&#8220; global_colors_info=&#8220;{}&#8220;][\/et_pb_text][\/et_pb_column][\/et_pb_row][\/et_pb_section][et_pb_section fb_built=&#8220;1&#8243; _builder_version=&#8220;4.16&#8243; custom_margin=&#8220;11px|||||&#8220; custom_padding=&#8220;24px|||||&#8220; collapsed=&#8220;off&#8220; global_colors_info=&#8220;{}&#8220;][et_pb_row _builder_version=&#8220;4.16&#8243; custom_padding=&#8220;0px|||||&#8220; global_colors_info=&#8220;{}&#8220;][et_pb_column type=&#8220;4_4&#8243; _builder_version=&#8220;4.16&#8243; global_colors_info=&#8220;{}&#8220;][et_pb_text _builder_version=&#8220;4.16&#8243; _module_preset=&#8220;default&#8220; global_colors_info=&#8220;{}&#8220;]<\/p>\n<p>in Zusammenarbeit mit :<\/p>\n<p>[\/et_pb_text][\/et_pb_column][\/et_pb_row][et_pb_row column_structure=&#8220;1_6,1_6,1_6,1_6,1_6,1_6&#8243; _builder_version=&#8220;4.16&#8243; _module_preset=&#8220;default&#8220; global_colors_info=&#8220;{}&#8220;][et_pb_column type=&#8220;1_6&#8243; _builder_version=&#8220;4.16&#8243; _module_preset=&#8220;default&#8220; global_colors_info=&#8220;{}&#8220;][et_pb_divider show_divider=&#8220;off&#8220; _builder_version=&#8220;4.16&#8243; _module_preset=&#8220;default&#8220; global_colors_info=&#8220;{}&#8220;][\/et_pb_divider][et_pb_divider show_divider=&#8220;off&#8220; _builder_version=&#8220;4.16&#8243; _module_preset=&#8220;default&#8220; global_colors_info=&#8220;{}&#8220;][\/et_pb_divider][et_pb_image src=&#8220;http:\/\/www.krakauer-haus.de\/kh-test\/wp-content\/uploads\/2022\/02\/CSAP-Logo-Primary-black-300&#215;91.png&#8220; title_text=&#8220;CSAP-Logo-Primary-black&#8220; _builder_version=&#8220;4.16&#8243; _module_preset=&#8220;default&#8220; global_colors_info=&#8220;{}&#8220;][\/et_pb_image][et_pb_divider show_divider=&#8220;off&#8220; _builder_version=&#8220;4.16&#8243; _module_preset=&#8220;default&#8220; global_colors_info=&#8220;{}&#8220;][\/et_pb_divider][\/et_pb_column][et_pb_column type=&#8220;1_6&#8243; _builder_version=&#8220;4.16&#8243; _module_preset=&#8220;default&#8220; global_colors_info=&#8220;{}&#8220;][et_pb_divider show_divider=&#8220;off&#8220; _builder_version=&#8220;4.16&#8243; _module_preset=&#8220;default&#8220; global_colors_info=&#8220;{}&#8220;][\/et_pb_divider][et_pb_divider show_divider=&#8220;off&#8220; _builder_version=&#8220;4.16&#8243; _module_preset=&#8220;default&#8220; global_colors_info=&#8220;{}&#8220;][\/et_pb_divider][et_pb_image src=&#8220;http:\/\/www.krakauer-haus.de\/kh-test\/wp-content\/uploads\/2022\/02\/Unbenannt-2.png&#8220; title_text=&#8220;Logo Kulturreferat IB&#8220; _builder_version=&#8220;4.16&#8243; _module_preset=&#8220;default&#8220; min_height=&#8220;31px&#8220; global_colors_info=&#8220;{}&#8220;][\/et_pb_image][\/et_pb_column][et_pb_column type=&#8220;1_6&#8243; _builder_version=&#8220;4.16&#8243; _module_preset=&#8220;default&#8220; global_colors_info=&#8220;{}&#8220;][et_pb_image src=&#8220;http:\/\/www.krakauer-haus.de\/kh-test\/wp-content\/uploads\/2022\/02\/LOGO-1kolorBLAU_voll-Roboto-Condensed1-01-234&#215;300.jpg&#8220; title_text=&#8220;LOGO 1kolorBLAU_voll Roboto Condensed1-01&#8243; _builder_version=&#8220;4.16&#8243; _module_preset=&#8220;default&#8220; global_colors_info=&#8220;{}&#8220;][\/et_pb_image][\/et_pb_column][et_pb_column type=&#8220;1_6&#8243; _builder_version=&#8220;4.16&#8243; _module_preset=&#8220;default&#8220; global_colors_info=&#8220;{}&#8220;][et_pb_image src=&#8220;http:\/\/www.krakauer-haus.de\/kh-test\/wp-content\/uploads\/2022\/03\/SUN-Wortmarke-2.jpg&#8220; title_text=&#8220;SUN Wortmarke-2&#8243; _builder_version=&#8220;4.16&#8243; _module_preset=&#8220;default&#8220; global_colors_info=&#8220;{}&#8220;][\/et_pb_image][\/et_pb_column][et_pb_column type=&#8220;1_6&#8243; _builder_version=&#8220;4.16&#8243; _module_preset=&#8220;default&#8220; global_colors_info=&#8220;{}&#8220;][et_pb_image src=&#8220;http:\/\/www.krakauer-haus.de\/kh-test\/wp-content\/uploads\/2022\/02\/Logo_ProjectUnlocked-276&#215;300.png&#8220; title_text=&#8220;Logo_ProjectUnlocked&#8220; _builder_version=&#8220;4.16&#8243; _module_preset=&#8220;default&#8220; global_colors_info=&#8220;{}&#8220;][\/et_pb_image][et_pb_divider show_divider=&#8220;off&#8220; _builder_version=&#8220;4.16&#8243; _module_preset=&#8220;default&#8220; min_height=&#8220;5px&#8220; global_colors_info=&#8220;{}&#8220;][\/et_pb_divider][\/et_pb_column][et_pb_column type=&#8220;1_6&#8243; _builder_version=&#8220;4.16&#8243; _module_preset=&#8220;default&#8220; global_colors_info=&#8220;{}&#8220;][et_pb_divider show_divider=&#8220;off&#8220; _builder_version=&#8220;4.16&#8243; _module_preset=&#8220;default&#8220; global_colors_info=&#8220;{}&#8220;][\/et_pb_divider][et_pb_divider show_divider=&#8220;off&#8220; _builder_version=&#8220;4.16&#8243; _module_preset=&#8220;default&#8220; global_colors_info=&#8220;{}&#8220;][\/et_pb_divider][et_pb_image src=&#8220;http:\/\/www.krakauer-haus.de\/kh-test\/wp-content\/uploads\/2022\/03\/Kasia-manipulowane-StN_BaureferatIB_horiz_grau2-01-e1646574870234.png&#8220; title_text=&#8220;Kasia manipulowane StN_BaureferatIB_horiz_grau2-01&#8243; _builder_version=&#8220;4.16&#8243; _module_preset=&#8220;default&#8220; global_colors_info=&#8220;{}&#8220;][\/et_pb_image][\/et_pb_column][\/et_pb_row][\/et_pb_section]<\/p>\n","protected":false},"excerpt":{"rendered":"<p>25. M\u00e4rz &#8211; 29. April 2022 \/ IM KRAKAUER HAUS<\/p>\n","protected":false},"author":2,"featured_media":8400,"comment_status":"closed","ping_status":"closed","sticky":false,"template":"","format":"aside","meta":{"_et_pb_use_builder":"on","_et_pb_old_content":"","_et_gb_content_width":"","_price":"","_stock":"","_tribe_ticket_header":"","_tribe_default_ticket_provider":"","_tribe_ticket_capacity":"0","_ticket_start_date":"","_ticket_end_date":"","_tribe_ticket_show_description":"","_tribe_ticket_show_not_going":false,"_tribe_ticket_use_global_stock":"","_tribe_ticket_global_stock_level":"","_global_stock_mode":"","_global_stock_cap":"","_tribe_rsvp_for_event":"","_tribe_ticket_going_count":"","_tribe_ticket_not_going_count":"","_tribe_tickets_list":"[]","_tribe_ticket_has_attendee_info_fields":false,"footnotes":""},"categories":[28],"tags":[],"class_list":["post-8164","post","type-post","status-publish","format-aside","has-post-thumbnail","hentry","category-ausstellung","post_format-post-format-aside"],"_links":{"self":[{"href":"https:\/\/www.krakauer-haus.de\/kh-test\/index.php\/wp-json\/wp\/v2\/posts\/8164","targetHints":{"allow":["GET"]}}],"collection":[{"href":"https:\/\/www.krakauer-haus.de\/kh-test\/index.php\/wp-json\/wp\/v2\/posts"}],"about":[{"href":"https:\/\/www.krakauer-haus.de\/kh-test\/index.php\/wp-json\/wp\/v2\/types\/post"}],"author":[{"embeddable":true,"href":"https:\/\/www.krakauer-haus.de\/kh-test\/index.php\/wp-json\/wp\/v2\/users\/2"}],"replies":[{"embeddable":true,"href":"https:\/\/www.krakauer-haus.de\/kh-test\/index.php\/wp-json\/wp\/v2\/comments?post=8164"}],"version-history":[{"count":38,"href":"https:\/\/www.krakauer-haus.de\/kh-test\/index.php\/wp-json\/wp\/v2\/posts\/8164\/revisions"}],"predecessor-version":[{"id":8528,"href":"https:\/\/www.krakauer-haus.de\/kh-test\/index.php\/wp-json\/wp\/v2\/posts\/8164\/revisions\/8528"}],"wp:featuredmedia":[{"embeddable":true,"href":"https:\/\/www.krakauer-haus.de\/kh-test\/index.php\/wp-json\/wp\/v2\/media\/8400"}],"wp:attachment":[{"href":"https:\/\/www.krakauer-haus.de\/kh-test\/index.php\/wp-json\/wp\/v2\/media?parent=8164"}],"wp:term":[{"taxonomy":"category","embeddable":true,"href":"https:\/\/www.krakauer-haus.de\/kh-test\/index.php\/wp-json\/wp\/v2\/categories?post=8164"},{"taxonomy":"post_tag","embeddable":true,"href":"https:\/\/www.krakauer-haus.de\/kh-test\/index.php\/wp-json\/wp\/v2\/tags?post=8164"}],"curies":[{"name":"wp","href":"https:\/\/api.w.org\/{rel}","templated":true}]}}