{"id":7517,"date":"2021-09-03T01:16:21","date_gmt":"2021-09-02T23:16:21","guid":{"rendered":"http:\/\/www.krakauer-haus.de\/?p=7517"},"modified":"2021-12-30T18:36:43","modified_gmt":"2021-12-30T17:36:43","slug":"agata-kus-neal-cassady","status":"publish","type":"post","link":"https:\/\/www.krakauer-haus.de\/kh-test\/index.php\/2021\/09\/03\/agata-kus-neal-cassady\/","title":{"rendered":"Art Weekend N\u00fcrnberg: AGATA KUS &#038; NEAL CASSADY"},"content":{"rendered":"<p>[et_pb_section fb_built=&#8220;1&#8243; admin_label=&#8220;section&#8220; _builder_version=&#8220;3.22&#8243; locked=&#8220;off&#8220; global_colors_info=&#8220;{}&#8220;][et_pb_row admin_label=&#8220;row&#8220; _builder_version=&#8220;3.25&#8243; background_size=&#8220;initial&#8220; background_position=&#8220;top_left&#8220; background_repeat=&#8220;repeat&#8220; global_colors_info=&#8220;{}&#8220;][et_pb_column type=&#8220;4_4&#8243; _builder_version=&#8220;3.25&#8243; custom_padding=&#8220;|||&#8220; global_colors_info=&#8220;{}&#8220; custom_padding__hover=&#8220;|||&#8220;][et_pb_text admin_label=&#8220;Text&#8220; _builder_version=&#8220;4.9.2&#8243; background_size=&#8220;initial&#8220; background_position=&#8220;top_left&#8220; background_repeat=&#8220;repeat&#8220; global_colors_info=&#8220;{}&#8220;]<\/p>\n<h1 id=\"yui_3_17_2_1_1623755176227_1050\"><strong><span style=\"color: #cc99ff;\">SA 09.10. \/ 11\u201318 Uhr \u2192 um\u00a018 Uhr PERFORMANCE<\/span><\/strong><\/h1>\n<h1><strong><span style=\"color: #cc99ff;\">SO 10.10. \/ 11\u201316 Uhr<\/span><\/strong><\/h1>\n<p>[\/et_pb_text][\/et_pb_column][\/et_pb_row][et_pb_row _builder_version=&#8220;4.14.0&#8243; _module_preset=&#8220;default&#8220;][et_pb_column _builder_version=&#8220;4.14.0&#8243; _module_preset=&#8220;default&#8220; type=&#8220;4_4&#8243;][et_pb_video src=&#8220;http:\/\/www.krakauer-haus.de\/kh-test\/wp-content\/uploads\/2021\/12\/1-IMG_5851.mov&#8220; _builder_version=&#8220;4.14.0&#8243; _module_preset=&#8220;default&#8220; title_text=&#8220;1 IMG_5851&#8243; hover_enabled=&#8220;0&#8243; sticky_enabled=&#8220;0&#8243;][\/et_pb_video][\/et_pb_column][\/et_pb_row][et_pb_row _builder_version=&#8220;4.14.0&#8243; _module_preset=&#8220;default&#8220;][et_pb_column _builder_version=&#8220;4.14.0&#8243; _module_preset=&#8220;default&#8220; type=&#8220;4_4&#8243;][et_pb_text _builder_version=&#8220;4.14.0&#8243; _module_preset=&#8220;default&#8220; hover_enabled=&#8220;0&#8243; sticky_enabled=&#8220;0&#8243;]<\/p>\n<p>Ar Weekend N\u00fcrnberg 2021<br \/>Neal Cassady im Rahmen der Polenallergie 2021<br \/>Er\u00f6ffnung der Ausstellung &#8222;Later than you think&#8220; von Agata Kus<\/p>\n<p>[\/et_pb_text][\/et_pb_column][\/et_pb_row][\/et_pb_section][et_pb_section fb_built=&#8220;1&#8243; _builder_version=&#8220;4.9.2&#8243; _module_preset=&#8220;default&#8220; global_colors_info=&#8220;{}&#8220;][et_pb_row _builder_version=&#8220;4.9.2&#8243; _module_preset=&#8220;default&#8220; global_colors_info=&#8220;{}&#8220;][et_pb_column type=&#8220;4_4&#8243; _builder_version=&#8220;4.9.2&#8243; _module_preset=&#8220;default&#8220; global_colors_info=&#8220;{}&#8220;][et_pb_video src=&#8220;https:\/\/www.youtube.com\/watch?v=vHnRg3B7nV8&#8243; _builder_version=&#8220;4.9.2&#8243; _module_preset=&#8220;default&#8220; global_colors_info=&#8220;{}&#8220;][\/et_pb_video][et_pb_text _builder_version=&#8220;4.9.2&#8243; _module_preset=&#8220;default&#8220; global_colors_info=&#8220;{}&#8220;]<\/p>\n<p>Video: \u0141ukasz Ziomek und Dominik Stanislawski<\/p>\n<p>[\/et_pb_text][\/et_pb_column][\/et_pb_row][\/et_pb_section][et_pb_section fb_built=&#8220;1&#8243; _builder_version=&#8220;3.22&#8243; custom_margin=&#8220;11px|||||&#8220; custom_padding=&#8220;24px|||||&#8220; collapsed=&#8220;off&#8220; global_colors_info=&#8220;{}&#8220;][et_pb_row _builder_version=&#8220;4.4.7&#8243; custom_padding=&#8220;0px|||||&#8220; global_colors_info=&#8220;{}&#8220;][et_pb_column type=&#8220;4_4&#8243; _builder_version=&#8220;4.4.7&#8243; global_colors_info=&#8220;{}&#8220;][et_pb_text _builder_version=&#8220;4.9.2&#8243; min_height=&#8220;537px&#8220; custom_padding=&#8220;0px||0px|||&#8220; global_colors_info=&#8220;{}&#8220;]<\/p>\n<h2 style=\"text-align: center;\"><strong><span style=\"color: #4a2be5;\">LATER THAN YOU THINK: AGATA KUS &amp; NEAL CASSADY<\/span><\/strong><\/h2>\n<p style=\"text-align: center;\">\n<h3 id=\"yui_3_17_2_1_1630968904197_1090\" style=\"text-align: center;\"><img loading=\"lazy\" decoding=\"async\" class=\"wp-image-5427 alignnone size-full\" src=\"http:\/\/www.krakauer-haus.de\/kh-test\/wp-content\/uploads\/2020\/06\/artweekendnuernberg_logo.png\" alt=\"\" width=\"600\" height=\"335\" srcset=\"http:\/\/www.krakauer-haus.de\/kh-test\/wp-content\/uploads\/2020\/06\/artweekendnuernberg_logo.png 600w, http:\/\/www.krakauer-haus.de\/kh-test\/wp-content\/uploads\/2020\/06\/artweekendnuernberg_logo-480x268.png 480w\" sizes=\"(min-width: 0px) and (max-width: 480px) 480px, (min-width: 481px) 600px, 100vw\" \/><\/h3>\n<h3 style=\"text-align: center;\"><\/h3>\n<p id=\"yui_3_17_2_1_1630968904197_1090\" style=\"text-align: center;\"><span style=\"color: #333333;\">\u00d6ffnungszeiten:<\/span><\/p>\n<p style=\"text-align: center;\"><span style=\"color: #333333;\"><strong>SAMSTAG: 09.10. \/<\/strong> 11 \u2013 18 Uhr<\/span><br \/><span style=\"color: #333333;\"><strong>um 18 Uhr\u00a0<span style=\"caret-color: #333333;\">offizielle<\/span>\u00a0Er\u00f6ffnung mit Performance der\u00a0Gruppe NEAL CASSADY<\/strong><\/span><\/p>\n<p id=\"yui_3_17_2_1_1630968904197_1090\" style=\"text-align: center;\"><span style=\"color: #333333;\">SONNTAG: 10.10. \/ 11 \u2013 16 Uhr<\/span><\/p>\n<p style=\"text-align: center;\"><span style=\"color: #333333;\">\u00a0<\/span><span style=\"color: #333333;\">Ort: Galerie des\u00a0Krakauer Hauses, Hintere Insel Sch\u00fctt 34, 90403 N\u00fcrnberg<\/span><\/p>\n<p>[\/et_pb_text][et_pb_text _builder_version=&#8220;4.9.2&#8243; _module_preset=&#8220;default&#8220; global_colors_info=&#8220;{}&#8220;]<\/p>\n<p style=\"text-align: center;\">\n<p style=\"text-align: center;\"><span style=\"color: #ff6600;\"><a href=\"http:\/\/www.krakauer-haus.de\/kh-test\/wp-content\/uploads\/2021\/09\/A.Kus_Flyer1a_dinAlang.pdf\" rel=\"attachment wp-att-7635\">FLYER<br \/>Agata Kus &amp; Neal Cassady<\/a><\/span><\/p>\n<p>[\/et_pb_text][et_pb_image src=&#8220;http:\/\/www.krakauer-haus.de\/kh-test\/wp-content\/uploads\/2021\/09\/Fot.-z-archiwum-artystki-e1630969415483.jpg&#8220; title_text=&#8220;Fot. z archiwum artystki&#8220; _builder_version=&#8220;4.9.2&#8243; _module_preset=&#8220;default&#8220; global_colors_info=&#8220;{}&#8220;][\/et_pb_image][\/et_pb_column][\/et_pb_row][et_pb_row column_structure=&#8220;1_2,1_2&#8243; _builder_version=&#8220;4.4.7&#8243; custom_padding=&#8220;0px|||||&#8220; global_colors_info=&#8220;{}&#8220;][et_pb_column type=&#8220;1_2&#8243; _builder_version=&#8220;4.4.7&#8243; global_colors_info=&#8220;{}&#8220;][et_pb_text _builder_version=&#8220;4.9.2&#8243; _module_preset=&#8220;default&#8220; global_colors_info=&#8220;{}&#8220;]<\/p>\n<p><strong>Agata Kus<\/strong><\/p>\n<p>aufgehende Stern der jungen polnischen Kunstszene. Ihre Arbeiten sind gepr\u00e4gt von der Gleichzeitigkeit verschiedener Narrative und Techniken innerhalb eines Werkes, was Raum f\u00fcr eine Vielfalt an Interpretationen l\u00e4sst. Sie stellt Menschen, Tiere und Objekte in symbolhafter Manier dar und erzeugt dabei komplexe Metaphern. Ihre ausdrucksstarken, farbintensiven Werke haben oftmals den Charakter einer Kollage. Das Resultat sind Kompositionen, zu denen jeder Betrachter seinen eigenen Zugang finden soll.<\/p>\n<p>H\u00e4ufig verwendet Agata Kus Tier-Motive in ihren Werken. Sie repr\u00e4sentieren dabei bestimmte menschliche Z\u00fcge oder k\u00f6nnen den Betrachter durch das Werk begleiten. Die K\u00fcnstlerin orientiert sich an M\u00e4rchen und Fabeln. Der Kontakt des Menschen mit dem Tier ist f\u00fcr sie auch der Kontakt des Menschen mit sich selbst und seiner instinktiven, urspr\u00fcnglichen Natur.<\/p>\n<p>Agata Kus (*1987) absolvierte die Kunstakademie in Krakau 2012 und promovierte dort 2018. Sie gewann den ersten Preis bei der Internationalen Biennale f\u00fcr Medienkunst (Wroclaw) 2015. Die K\u00fcnstlerin war f\u00fcr wichtige Kunstpreise nominiert, u.a. 2017 f\u00fcr den Preis \u201eSpojrzenia\u201c der Deutschen Bank. Sie geh\u00f6rte 2011 und 2018 zu den Finalisten des Preises der Stiftung Vordemberge-Gildewart. Ihre vielbeachtete Ausstellung \u201eAgata Kus Horror Picture Show\u201c in der Krakauer Galerie Bunkier Sztuki (Kunstbunker) sorgte bei Fachwelt und Publikum f\u00fcr Begeisterung. Die Galerie ist einer der wichtigsten Ausstellungsorte f\u00fcr wegweisende junge polnische K\u00fcnstler.<\/p>\n<p style=\"text-align: justify;\">[\/et_pb_text][et_pb_image src=&#8220;http:\/\/www.krakauer-haus.de\/kh-test\/wp-content\/uploads\/2020\/01\/2.-Fot.-Marcin-\u0141aszek-e1630969763939.jpg&#8220; title_text=&#8220;2. Fot. Marcin \u0141aszek&#8220; _builder_version=&#8220;4.9.2&#8243; _module_preset=&#8220;default&#8220; custom_margin=&#8220;54px|||||&#8220; global_colors_info=&#8220;{}&#8220;][\/et_pb_image][\/et_pb_column][et_pb_column type=&#8220;1_2&#8243; _builder_version=&#8220;4.9.2&#8243; _module_preset=&#8220;default&#8220; global_colors_info=&#8220;{}&#8220;][et_pb_text _builder_version=&#8220;4.9.2&#8243; _module_preset=&#8220;default&#8220; global_colors_info=&#8220;{}&#8220;]<\/p>\n<div class=\"page\" title=\"Page 3\">\n<div class=\"layoutArea\">\n<div class=\"column\">\n<p><strong>Neal Cassady<\/strong><\/p>\n<p>Der Geist der Dead Kennedys und The Clash weht, gepaart mit Garage und Neo-Psychedelic sowie einer unverscha\u0308mt la\u0308ssigen Attitu\u0308de durch die Songs der Band, deren Vorbild der gleichnamige Vordenker und Lichtgestalt US-amerikanischen Beat-Szene ist. Die junge Band trat bereits bei vielen wichtigen Festivals in Polen auf. Eines der Highlights ist ihr Gig beim Jarocin Festiwal, dem Inbegriff polnischer Alternative-Kultur. Die Musiker sind der Kunst sehr zugetan und garnieren ihre Musik gerne mit Arbeiten aus den Reihen der jungen polnischen Kunstszene.<\/p>\n<p>So kam die Kollaboration mit der ebenfalls aus Krakau stammenden Agata Kus zusammen.\u00a0<\/p>\n<\/div>\n<\/div>\n<\/div>\n<div class=\"page\" title=\"Page 4\">\n<div class=\"layoutArea\">\n<div class=\"column\">\n<p>Es wird aufregend, hochenergetisch und edgy. Ein audiovisuelles Erlebnis frisch aus dem Krakauer Underground. Ein echtes Wagnis, sich voll und ganz dem Kunstgenuss hinzugeben!<\/p>\n<\/div>\n<\/div>\n<\/div>\n<p>[\/et_pb_text][et_pb_image src=&#8220;http:\/\/www.krakauer-haus.de\/kh-test\/wp-content\/uploads\/2020\/01\/fot.-M.-Swidzinski-mit-BOTTON.jpg&#8220; title_text=&#8220;fot. M. Swidzinski mit BOTTON&#8220; _builder_version=&#8220;4.9.2&#8243; _module_preset=&#8220;default&#8220; global_colors_info=&#8220;{}&#8220;][\/et_pb_image][\/et_pb_column][\/et_pb_row][et_pb_row _builder_version=&#8220;4.9.2&#8243; _module_preset=&#8220;default&#8220; global_colors_info=&#8220;{}&#8220;][et_pb_column type=&#8220;4_4&#8243; _builder_version=&#8220;4.9.2&#8243; _module_preset=&#8220;default&#8220; global_colors_info=&#8220;{}&#8220;][et_pb_image src=&#8220;http:\/\/www.krakauer-haus.de\/kh-test\/wp-content\/uploads\/2021\/09\/KusCassady_9_A1-light.2pdf_Zeichenflaeche-1-scaled-e1632823385225.jpg&#8220; title_text=&#8220;Kus&#038;Cassady_9_A1-light.2pdf_Zeichenfl\u00e4che 1&#8243; _builder_version=&#8220;4.9.2&#8243; _module_preset=&#8220;default&#8220; global_colors_info=&#8220;{}&#8220;][\/et_pb_image][\/et_pb_column][\/et_pb_row][\/et_pb_section]<\/p>\n","protected":false},"excerpt":{"rendered":"<p>9. &#8211; 10. Oktober 2021<\/p>\n","protected":false},"author":2,"featured_media":4854,"comment_status":"closed","ping_status":"closed","sticky":false,"template":"","format":"aside","meta":{"_et_pb_use_builder":"on","_et_pb_old_content":"","_et_gb_content_width":"","_price":"","_stock":"","_tribe_ticket_header":"","_tribe_default_ticket_provider":"","_tribe_ticket_capacity":"0","_ticket_start_date":"","_ticket_end_date":"","_tribe_ticket_show_description":"","_tribe_ticket_show_not_going":false,"_tribe_ticket_use_global_stock":"","_tribe_ticket_global_stock_level":"","_global_stock_mode":"","_global_stock_cap":"","_tribe_rsvp_for_event":"","_tribe_ticket_going_count":"","_tribe_ticket_not_going_count":"","_tribe_tickets_list":"[]","_tribe_ticket_has_attendee_info_fields":false,"footnotes":""},"categories":[28,4],"tags":[],"class_list":["post-7517","post","type-post","status-publish","format-aside","has-post-thumbnail","hentry","category-ausstellung","category-konzert","post_format-post-format-aside"],"_links":{"self":[{"href":"https:\/\/www.krakauer-haus.de\/kh-test\/index.php\/wp-json\/wp\/v2\/posts\/7517","targetHints":{"allow":["GET"]}}],"collection":[{"href":"https:\/\/www.krakauer-haus.de\/kh-test\/index.php\/wp-json\/wp\/v2\/posts"}],"about":[{"href":"https:\/\/www.krakauer-haus.de\/kh-test\/index.php\/wp-json\/wp\/v2\/types\/post"}],"author":[{"embeddable":true,"href":"https:\/\/www.krakauer-haus.de\/kh-test\/index.php\/wp-json\/wp\/v2\/users\/2"}],"replies":[{"embeddable":true,"href":"https:\/\/www.krakauer-haus.de\/kh-test\/index.php\/wp-json\/wp\/v2\/comments?post=7517"}],"version-history":[{"count":13,"href":"https:\/\/www.krakauer-haus.de\/kh-test\/index.php\/wp-json\/wp\/v2\/posts\/7517\/revisions"}],"predecessor-version":[{"id":7853,"href":"https:\/\/www.krakauer-haus.de\/kh-test\/index.php\/wp-json\/wp\/v2\/posts\/7517\/revisions\/7853"}],"wp:featuredmedia":[{"embeddable":true,"href":"https:\/\/www.krakauer-haus.de\/kh-test\/index.php\/wp-json\/wp\/v2\/media\/4854"}],"wp:attachment":[{"href":"https:\/\/www.krakauer-haus.de\/kh-test\/index.php\/wp-json\/wp\/v2\/media?parent=7517"}],"wp:term":[{"taxonomy":"category","embeddable":true,"href":"https:\/\/www.krakauer-haus.de\/kh-test\/index.php\/wp-json\/wp\/v2\/categories?post=7517"},{"taxonomy":"post_tag","embeddable":true,"href":"https:\/\/www.krakauer-haus.de\/kh-test\/index.php\/wp-json\/wp\/v2\/tags?post=7517"}],"curies":[{"name":"wp","href":"https:\/\/api.w.org\/{rel}","templated":true}]}}