{"id":6045,"date":"2020-10-20T14:07:54","date_gmt":"2020-10-20T12:07:54","guid":{"rendered":"http:\/\/www.krakauer-haus.de\/?p=6045"},"modified":"2021-03-16T23:28:09","modified_gmt":"2021-03-16T22:28:09","slug":"krakers-2020","status":"publish","type":"post","link":"https:\/\/www.krakauer-haus.de\/kh-test\/index.php\/2020\/10\/20\/krakers-2020\/","title":{"rendered":"KUNST: KRAKERS 2020: Alraune und Kartoffeln"},"content":{"rendered":"<p>[et_pb_section fb_built=&#8220;1&#8243; _builder_version=&#8220;4.6.0&#8243; _module_preset=&#8220;default&#8220;][et_pb_row _builder_version=&#8220;4.6.0&#8243; _module_preset=&#8220;default&#8220;][et_pb_column type=&#8220;4_4&#8243; _builder_version=&#8220;4.6.0&#8243; _module_preset=&#8220;default&#8220;][et_pb_image src=&#8220;http:\/\/www.krakauer-haus.de\/kh-test\/wp-content\/uploads\/2020\/10\/2020-10-12_norymberga_1653_x_930_px_cover_fb.png&#8220; title_text=&#8220;2020-10-12_norymberga_(1653_x_930_px)_cover_fb&#8220; _builder_version=&#8220;4.6.0&#8243; _module_preset=&#8220;default&#8220;][\/et_pb_image][et_pb_text _builder_version=&#8220;4.6.0&#8243; _module_preset=&#8220;default&#8220;]<\/p>\n<p style=\"text-align: justify;\"><span style=\"color: #0000ff;\"><strong>KRAKERS<\/strong><\/span> \u2013 also die <strong><span style=\"color: #0000ff;\">Cracow Art Week<\/span><\/strong> ist die Krakauer Festwoche der Kunst und ein Kunstevent von gro\u00dfem Renommee. Das Krakauer Haus schlie\u00dft sich in diesem Jahr bereits zum zweiten Mal diesem Ereignis an und veranstaltet eine Ausstellung in N\u00fcrnberg, die medial durch Fotos und einen Live-Stream auf der Online-Plattform von KRAKERS vertreten sein wird.<\/p>\n<p style=\"text-align: justify;\">Das Krakauer Haus hat f\u00fcr das Projekt zwei visuelle K\u00fcnstler eingeladen, die neben Malereien auch Objekte, Klanginstallationen und Performances schaffen und deren Inspirationen bis zu den Anf\u00e4ngen der Kunst in der Menschheitsgeschichte reichen.<\/p>\n<p style=\"text-align: justify;\">Die Werke von <strong><span style=\"color: #0000ff;\">Tomasz Kr\u0119cicki und Sebastian Tr\u00f6ger<\/span><\/strong> kann man in der Ausstellung \u201eAlraune und Kartoffeln\u201c im Kunstverein Kohlenhof in N\u00fcrnberg live erleben.<\/p>\n<p style=\"text-align: justify;\">Au\u00dferdem gibt es sie \u00a0auf der Online-Plattform von Krakers in der Unterkategorie \u201ePartner\u201c zu sehen: <a href=\"https:\/\/cracowartweek.pl\/program-partnerski-edycja-sztuka-pojecie-otwarte\/\">https:\/\/cracowartweek.pl\/program-partnerski-edycja-sztuka-pojecie-otwarte\/<\/a><\/p>\n<p style=\"text-align: justify;\">Mehr \u00fcber die Ausstellung und die K\u00fcnstler gibt es hier:<br \/> <a href=\"http:\/\/www.krakauer-haus.de\/index.php\/2020\/09\/13\/alraune-und-karfoffeln-tomasz-krecicki-sebastian-troeger-ausstellung\/?et_fb=1&amp;PageSpeed=off\" target=\"_blank\" rel=\"noopener noreferrer\">ALRAUNE UND KARTOFFELN<\/a><\/p>\n<p>[\/et_pb_text][\/et_pb_column][\/et_pb_row][\/et_pb_section][et_pb_section fb_built=&#8220;1&#8243; admin_label=&#8220;section&#8220; _builder_version=&#8220;3.22&#8243; locked=&#8220;off&#8220;][et_pb_row admin_label=&#8220;row&#8220; _builder_version=&#8220;3.25&#8243; background_size=&#8220;initial&#8220; background_position=&#8220;top_left&#8220; background_repeat=&#8220;repeat&#8220;][et_pb_column type=&#8220;4_4&#8243; _builder_version=&#8220;3.25&#8243; custom_padding=&#8220;|||&#8220; custom_padding__hover=&#8220;|||&#8220;][et_pb_image src=&#8220;http:\/\/www.krakauer-haus.de\/kh-test\/wp-content\/uploads\/2020\/10\/122164055_5158291160855051_1638935723070510085_o.jpg&#8220; title_text=&#8220;122164055_5158291160855051_1638935723070510085_o&#8220; _builder_version=&#8220;4.6.0&#8243; _module_preset=&#8220;default&#8220;][\/et_pb_image][et_pb_text admin_label=&#8220;Text&#8220; _builder_version=&#8220;4.6.0&#8243; background_size=&#8220;initial&#8220; background_position=&#8220;top_left&#8220; background_repeat=&#8220;repeat&#8220; custom_padding=&#8220;57px|||||&#8220;]<\/p>\n<h1 style=\"text-align: center;\"><\/h1>\n<h1 style=\"text-align: center;\"><strong>A L R A U N E \u00a0 U N D \u00a0 K A R T O F F E L N \u00a0<\/strong><\/h1>\n<p>&nbsp;<\/p>\n<p><strong>\u00a0<\/strong><\/p>\n<p><strong><span style=\"color: #000080;\">Vernissage: 24.10.2020 , zwischen 14 und 19 Uhr<\/span><\/strong><br \/><strong><span style=\"color: #000080;\"> Ort: Kunstverein Kohlenhof, Grasersgasse 15\/21, 90402 N\u00fcrnberg<\/span><\/strong><br \/><strong><span style=\"color: #000080;\"> Ausstellungsdauer: 24.10. bis 21.11. 2020<br \/> <\/span><\/strong><strong><span style=\"color: #000080;\">Kooperatiom mit dem Kunstverein Kohlenhof<br \/><\/span><\/strong><strong><span style=\"color: #333399;\"><\/span><\/strong><strong><span style=\"color: #000080;\">Kuratorin: Kasia Prusik-Lutz<\/span><\/strong><\/p>\n<p>&nbsp;<\/p>\n<p style=\"text-align: justify;\">Die Alraune ist, laut Literatur, eine Pflanze mit magischen Kr\u00e4ften, w\u00e4hrend die Kartoffel den Ruf des Gew\u00f6hnlichen und Provinziellen genie\u00dft.<br \/> Die Ausstellung nun ist eine Ausstellung einfacher Dinge, zum Beispiel solcher, wie man sie in der K\u00fcchenschublade, auf dem Schreibtisch oder vor der Haust\u00fcr vorfindet. Es sind Bilder von Dingen und Situationen, die wir kennen, mit denen wir Erfahrungen und Assoziationen haben. Und doch k\u00f6nnen diese einfachen Motive magische Kr\u00e4fte erhalten. Sie \u00fcberzudimensionieren, sie aus dem Kontext zu l\u00f6sen oder sie umzudrehen setzt Kr\u00e4fte frei, die man ihnen im Alltagsgebrauch nicht zusprechen w\u00fcrde.<\/p>\n<p style=\"text-align: justify;\">Sinn f\u00fcr Humor und die Distanzierung vom Gegenstand und seiner Geschichte, aber auch das bewusste Spiel mit dem Kontext, mit traditionellen Maltechniken und mit \u00a0der Kunstgeschichte selbst, verbinden beide K\u00fcnstler miteinander. In ihren Werken laden sie, auf den ersten Blick einfach erscheinende, allt\u00e4gliche Gegenst\u00e4nde mit neuen Bedeutungen auf. Sie spielen mit den gedanklichen Verkn\u00fcpfungen und dem Wissen des Betrachters.<\/p>\n<p style=\"text-align: justify;\">Im Altertum sprach man den duftenden Beeren der Alraune potenzsteigernde und fruchtbarkeitsverbesserunde Wirkungen zu. Die Bilder beider K\u00fcnstler sollen eine \u00e4hnliche Kraft haben: Sie erwecken die Vorstellungskraft, lassen verschiedene Welten und scheinbar fremde Geschichten aufeinandertreffen und regen zur Neuinterpretation bekannter Alltagsobjekte an.<\/p>\n<p style=\"text-align: justify;\">Hier muss hinzugef\u00fcgt werden, dass Tomasz Kr\u0119cicki Mitglied einer K\u00fcnstlergruppe namens &#8222;Potencja&#8220; (Deutsch: Potenz) ist. Er gr\u00fcndete die Gruppe w\u00e4hrend seines Studiums an der Akademie der bildenden K\u00fcnste mit zwei seiner K\u00fcnstlerfreunde. Heute ist es die aktivste K\u00fcnstlergruppe in Polen<\/p>\n<p style=\"text-align: justify;\">Die performative Arbeit von Sebastian Tr\u00f6ger bewegt sich in der Welt heidnischer Rituale und der Magie. In seiner Malerei w\u00e4hrenddessen bedient er sich rationalerer Mittel. Und in allem kann man ein K\u00f6rnchen Ironie sp\u00fcren. Humor ist auch ein Element im Schaffen von Tomasz Kr\u0119cicki, der wirklich alles malt, was sich vor seinem Auge einfindet.<\/p>\n<p style=\"text-align: justify;\">Die humoristische Betrachtung ihrer Bildthemen scheint bei beiden K\u00fcnstlern eine Flucht vor dem Pietismus und der h\u00e4ufig verspotteten Ernsthaftigkeit zu sein.<\/p>\n<p>[\/et_pb_text][et_pb_gallery gallery_ids=&#8220;6057,6066,6062,6065,5974,6059&#8243; fullwidth=&#8220;on&#8220; hover_icon=&#8220;%%190%%&#8220; _builder_version=&#8220;4.6.0&#8243; _module_preset=&#8220;default&#8220; animation_style=&#8220;flip&#8220;][\/et_pb_gallery][\/et_pb_column][\/et_pb_row][et_pb_row _builder_version=&#8220;4.6.0&#8243; _module_preset=&#8220;default&#8220;][et_pb_column type=&#8220;4_4&#8243; _builder_version=&#8220;4.6.0&#8243; _module_preset=&#8220;default&#8220;][et_pb_text _builder_version=&#8220;4.6.0&#8243; _module_preset=&#8220;default&#8220;]<\/p>\n<p>Kooperation:<\/p>\n<p>[\/et_pb_text][\/et_pb_column][\/et_pb_row][et_pb_row column_structure=&#8220;1_2,1_2&#8243; _builder_version=&#8220;4.6.0&#8243; _module_preset=&#8220;default&#8220; background_color=&#8220;rgba(0,0,0,0)&#8220; custom_margin=&#8220;2px|2px|133px|2px|false|false&#8220; custom_padding=&#8220;2px|2px|2px|2px|false|false&#8220; border_color_all=&#8220;#e09900&#8243;][et_pb_column type=&#8220;1_2&#8243; _builder_version=&#8220;4.6.0&#8243; _module_preset=&#8220;default&#8220; border_width_all=&#8220;1px&#8220; border_color_all=&#8220;#e09900&#8243;][et_pb_video src=&#8220;https:\/\/www.youtube.com\/watch?v=KALpUd6M6Bc&#8220; _builder_version=&#8220;4.6.0&#8243; _module_preset=&#8220;default&#8220; custom_margin=&#8220;||59px|||&#8220;][\/et_pb_video][et_pb_text _builder_version=&#8220;4.6.0&#8243; _module_preset=&#8220;default&#8220; min_height=&#8220;46px&#8220; custom_margin=&#8220;-36px|||||&#8220; custom_padding=&#8220;0px||0px|||&#8220;]<\/p>\n<p>Video: Domini Stanis\u0142awski, \u0141ukasz Ziomek, f\u00fcr Krakauer Haus (Projekt:&#8220; Krakauer (zu) Haus&#8220;)<\/p>\n<p>[\/et_pb_text][et_pb_text _builder_version=&#8220;4.6.0&#8243; _module_preset=&#8220;default&#8220;]<\/p>\n<p style=\"text-align: justify;\"><span style=\"color: #993300;\"><strong>Tomasz Kr\u0119cicki<\/strong><\/span><\/p>\n<p style=\"text-align: justify;\"><span style=\"color: #993300;\">&#8222;Kr\u0119cicki ist ein moderner Maler, Modernist und Intellektueller. Er ist sachlich und lyrisch. Er schreibt die Titel der Bilder in Kleinbuchstaben. Es werden kein Overheadprojektor und kein Computer verwendet.<\/span><br \/> <span style=\"color: #993300;\"> Stil.<\/span><br \/> <span style=\"color: #993300;\"> Die Suche nach dem eigenen Stil ist ein charakteristisches Merkmal der klassischen m\u00e4nnlichen Moderne. Kr\u0119cicki am\u00fcsiert sich dar\u00fcber. Nonchalance und Ver\u00e4nderlichkeit.<\/span><br \/> <span style=\"color: #993300;\"> <em>Ich glaube, ich habe meinen Stil gefunden<\/em> &#8211; er schreibt in seiner Diplomarbeit.<em> Ich glaube, ich habe meinen Stil gefunden<\/em> &#8211; er informiert erneut an einer anderen Stelle und bezieht sich auf das Gegenteil dieses Stils. Der Stil seiner Malerei schwankt wie ein Transvestit, der die Vorlieben an den Arbeitsmarkt anpasst, wie eine Waschmaschine, die die Waschtemperatur von Wolle auf Synthetik \u00e4ndert. Von extrem grafisch (schwarze Quadrat ) bis extrem malerisch (bunte Rotze), von trockenem Intellektualismus bis zu spontanem Emotionalismus. Alles in allem &#8211; eine WASCHMASCHINE.&#8220;<\/span><br \/> <span style=\"color: #993300;\"> \/Zderzak Galerie, Krakau\/<\/span><\/p>\n<p style=\"font-weight: 400; text-align: justify;\">*1990\u00a0 in \u017bary, Polen<br \/> lebt und arbeitet in Krakau<br \/> 2010-2015 Akademie der bildenden K\u00fcnste in Krakau<br \/> 2014-2015 AdBK N\u00fcrnberg<br \/> 2018 war er in der MeetFactory in Prag und in der LIA Spinnerei in Leipzig t\u00e4tig.<\/p>\n<p style=\"font-weight: 400; text-align: left;\">Auszeichnungen: <br \/>Teilnehmer vieler Einzel- und Gemeinschaftsausstellungen im In- und Ausland. Gewinner des 3. Preises bei der Malerbiennale Bielska Jesie\u0144 2015 und Gewinner des Grand Prix des Szara Kamienica-Wettbewerbs der Gray House Foundation im Jahr 2018. Seit 2016 gr\u00fcndet er gemeinsam mit Karolina Jab\u0142o\u0144ska und Cyryl Polaczek ein K\u00fcnstlerkollektiv und die Galeria Potencja. Ab 2018 ver\u00f6ffentlichen sie im selben Kollektiv und in Zusammenarbeit mit K\u00fcnstlern und K\u00fcnstlern aus ganz Polen die Zeitschrift &#8222;\u0141a\u0142ok&#8220;, die online verf\u00fcgbar und auch per Post verschickt wird.<\/p>\n<p style=\"text-align: justify;\"><a href=\"https:\/\/www.tomaszkrecicki.com\">www.tomaszkrecicki.com<\/a><\/p>\n<p>[\/et_pb_text][et_pb_text _builder_version=&#8220;4.6.0&#8243; _module_preset=&#8220;default&#8220;]<\/p>\n<p style=\"text-align: justify;\">Tomasz Kr\u0119cicki wurde 1990 in \u017bary geboren und kommt aus Kielce. Er lebt und arbeitet in Krakau. Er besch\u00e4ftigt sich mit Malerei und Zeichnung und studierte an der Fakult\u00e4t f\u00fcr Malerei der Akademie der Sch\u00f6nen K\u00fcnste in Krakau von 2010 bis 2015 bei Prof. Andrzej Bendarczyk. 2014\/2015 studierte er im Rahmen eines Erasmus+ Stipendiums an der Akademie der Bildenden K\u00fcnste in N\u00fcrnberg bei Thomas Hartmann. 2018 residierte er in der MeetFactory in Prag sowie bei LIA Spinnerei in Leipzig. Neben seinen Einzelausstellungen konnte man seine Werke bereits bei vielen Gemeinschaftsausstellungen in Polen, aber auch im Ausland sehen. Er war Preistr\u00e4ger des 3. Preises bei der Biennale f\u00fcr Malerei Bielska Jesie\u0144 2015, sowie Gewinner des Grand Prix des Wettbewerbs der Stiftung Grey House Szara Kamienica im Jahr 2018. Seit 2016 arbeitet er mit Karolina Jab\u0142o\u0144sk\u0105 und Cyryl Polaczek in einem K\u00fcnstlerkollektiv und in der Galerie Potencja zusammen. Mit diesem Kollektiv, sowie mit anderen K\u00fcnstlerinnen und K\u00fcnstlern aus ganz Polen gibt er das Kunstmagazin \u201e\u0141a\u0142ok\u201d heraus, das sowohl online als auch als Print-Magazin erh\u00e4ltlich ist.<\/p>\n<p>[\/et_pb_text][\/et_pb_column][et_pb_column type=&#8220;1_2&#8243; _builder_version=&#8220;4.6.0&#8243; _module_preset=&#8220;default&#8220; border_width_all=&#8220;1px&#8220; border_color_all=&#8220;#e09900&#8243;][et_pb_video src=&#8220;https:\/\/www.youtube.com\/watch?v=cIAytIIpe4o&#8220; _builder_version=&#8220;4.6.0&#8243; _module_preset=&#8220;default&#8220;][\/et_pb_video][et_pb_text _builder_version=&#8220;4.6.0&#8243; _module_preset=&#8220;default&#8220;]<\/p>\n<p>Video: Sebastian Tr\u00f6ger, Kasia Prusik-Lutz,\u00a0<span>Anl\u00e4sslich der Ausstellung &#8222;ALRAUNE UND KARTOFFELN&#8220; <\/span><\/p>\n<p>[\/et_pb_text][et_pb_text _builder_version=&#8220;4.6.0&#8243; _module_preset=&#8220;default&#8220; min_height=&#8220;1059px&#8220; custom_margin=&#8220;23px|||||&#8220; custom_padding=&#8220;0px|||||&#8220;]<\/p>\n<p style=\"text-align: justify;\"><span style=\"color: #993300;\"><strong>Sebastian Tr\u00f6ger<\/strong><\/span><\/p>\n<p style=\"text-align: justify;\"><span style=\"color: #993300;\">&#8222;Sebastian Tr\u00f6ger (*1986, Erlangen; lebt in N\u00fcrnberg) setzt sich in seinen Arbeiten meist ironisch mit dem System Kunst sowie mit dem eigenen Selbstverst\u00e4ndnis als K\u00fcnstler auseinander. Dabei zitiert er Stilrichtungen und Epochen der Malerei und l\u00e4sst seine Bilder zu B\u00fchnen f\u00fcr die unterschiedlichsten Akteure der Kunstwelt werden. Tr\u00f6gers Stil zeichnet sich durch einen pastosen Farbauftrag, eine schnelle, fl\u00fcchtige Malweise und eine Unbek\u00fcmmertheit im Umgang mit verschiedensten Motiven aus. Eine besondere Bedeutung kommt dabei den Bildtiteln zu: Mal banal, mal kritisch, offenbaren sie einen subtilen Humor, der sich auch in den skulpturalen Installationen und Soundarbeiten des K\u00fcnstlers finden l\u00e4sst.&#8220;<\/span><br \/> <span style=\"color: #993300;\"> \/ Judith Grobe \/<\/span><\/p>\n<p style=\"text-align: justify;\"><span style=\"color: #993300;\"><\/span><\/p>\n<p style=\"text-align: justify;\"><span style=\"color: #993300;\"><\/span><\/p>\n<p style=\"text-align: justify;\"><span style=\"color: #993300;\"><\/span><\/p>\n<p style=\"text-align: justify;\"><span style=\"color: #993300;\"><\/span><\/p>\n<p style=\"text-align: justify;\"><span style=\"color: #993300;\"><\/span><\/p>\n<p style=\"text-align: justify;\"><span style=\"color: #993300;\"><\/span><\/p>\n<p style=\"text-align: justify;\"><span style=\"color: #993300;\"><\/span><\/p>\n<p style=\"text-align: justify;\"><span style=\"color: #993300;\"><\/span><\/p>\n<p style=\"text-align: justify;\"><span style=\"color: #993300;\"><\/span><\/p>\n<p style=\"text-align: justify;\"><span style=\"color: #993300;\"><\/span><\/p>\n<p style=\"font-weight: 400; text-align: justify;\">*1986\u00a0\u00a0in Erlangen, Deutschland<br \/> lebt und arbeitet in N\u00fcrnberg<br \/> 2007-2014 AdBK N\u00fcrnberg<br \/> 2010-2011 HfG Karlsruhe\/ AdBK Karlsruhe<\/p>\n<p style=\"font-weight: 400; text-align: justify;\">Auszeichnungen:<br \/> Bayerischer Kunstf\u00f6rderpreis (2019)<br \/> Zumikon Kulturstiftung N\u00fcrnberg (2018)<br \/> Atelierstipendium des Freistaates Bayern (2015 \u2013 2018)<br \/> Kunstpreis Bamberg (2017)<br \/> Kulturpreis der Stadt N\u00fcrnberg (2016)<br \/> Akademiepreis der ADBK N\u00fcrnberg (2014)<br \/> Stipendium des Freistaates Bayern f\u00fcr Studium an der HfG Karlsruhe (2010 \u2013 2011)<\/p>\n<p style=\"text-align: justify;\"><a href=\"https:\/\/www.sebastiantroeger.com\/\" data-saferedirecturl=\"https:\/\/www.google.com\/url?q=https:\/\/www.sebastiantroeger.com\/&amp;source=gmail&amp;ust=1602938182877000&amp;usg=AFQjCNHVAUxkAYwMRIGs7B6Dhqx6s9eFQA\">www.sebastiantroeger.com<\/a><\/p>\n<p>[\/et_pb_text][\/et_pb_column][\/et_pb_row][et_pb_row _builder_version=&#8220;4.6.0&#8243; _module_preset=&#8220;default&#8220; min_height=&#8220;515px&#8220; custom_margin=&#8220;-85px|auto||auto||&#8220;][et_pb_column type=&#8220;4_4&#8243; _builder_version=&#8220;4.6.0&#8243; _module_preset=&#8220;default&#8220;][et_pb_video src=&#8220;https:\/\/www.youtube.com\/watch?v=ttiQoC1B0Ek&#8220; _builder_version=&#8220;4.6.0&#8243; _module_preset=&#8220;default&#8220;][\/et_pb_video][\/et_pb_column][\/et_pb_row][et_pb_row column_structure=&#8220;1_3,1_3,1_3&#8243; _builder_version=&#8220;4.5.1&#8243; _module_preset=&#8220;default&#8220;][et_pb_column type=&#8220;1_3&#8243; _builder_version=&#8220;4.5.1&#8243; _module_preset=&#8220;default&#8220;][et_pb_image src=&#8220;http:\/\/www.krakauer-haus.de\/kh-test\/wp-content\/uploads\/2020\/08\/RefLogo_KunstvereinKOHLENHOF-e1596646102536-300&#215;129.png&#8220; title_text=&#8220;RefLogo_KunstvereinKOHLENHOF&#8220; url=&#8220;https:\/\/www.kunstvereinkohlenhof.de&#8220; url_new_window=&#8220;on&#8220; _builder_version=&#8220;4.6.0&#8243; _module_preset=&#8220;default&#8220;][\/et_pb_image][\/et_pb_column][et_pb_column type=&#8220;1_3&#8243; _builder_version=&#8220;4.5.1&#8243; _module_preset=&#8220;default&#8220;][et_pb_text _builder_version=&#8220;4.5.1&#8243; _module_preset=&#8220;default&#8220;]<\/p>\n<h1 style=\"text-align: center;\"><\/h1>\n<h1 style=\"text-align: center;\">&amp;<\/h1>\n<p>[\/et_pb_text][\/et_pb_column][et_pb_column type=&#8220;1_3&#8243; _builder_version=&#8220;4.5.1&#8243; _module_preset=&#8220;default&#8220;][et_pb_image src=&#8220;http:\/\/www.krakauer-haus.de\/kh-test\/wp-content\/uploads\/2019\/08\/00.-logo-300&#215;106.jpg&#8220; title_text=&#8220;00. logo&#8220; align=&#8220;center&#8220; _builder_version=&#8220;4.5.1&#8243; _module_preset=&#8220;default&#8220;][\/et_pb_image][\/et_pb_column][\/et_pb_row][et_pb_row _builder_version=&#8220;4.6.0&#8243; _module_preset=&#8220;default&#8220;][et_pb_column _builder_version=&#8220;4.6.0&#8243; _module_preset=&#8220;default&#8220; type=&#8220;4_4&#8243;][et_pb_gallery _builder_version=&#8220;4.6.0&#8243; _module_preset=&#8220;default&#8220; gallery_ids=&#8220;6244,6247,6242,6246,6243,6245,6241,6248,6249,6250,6251,6252,6238,6253,6254,6255,6256,6240&#8243; fullwidth=&#8220;on&#8220; hover_enabled=&#8220;0&#8243; sticky_enabled=&#8220;0&#8243;][\/et_pb_gallery][\/et_pb_column][\/et_pb_row][et_pb_row _builder_version=&#8220;4.6.0&#8243; _module_preset=&#8220;default&#8220;][et_pb_column type=&#8220;4_4&#8243; _builder_version=&#8220;4.6.0&#8243; _module_preset=&#8220;default&#8220;][et_pb_text _builder_version=&#8220;4.6.0&#8243; _module_preset=&#8220;default&#8220;]<\/p>\n<p>Partner:<\/p>\n<p>[\/et_pb_text][et_pb_image src=&#8220;http:\/\/www.krakauer-haus.de\/kh-test\/wp-content\/uploads\/2020\/10\/logo_krakers_rgb_white__blue-600&#215;600-1-300&#215;300.png&#8220; title_text=&#8220;logo_krakers_rgb_white__blue-600&#215;600&#8243; url=&#8220;https:\/\/cracowartweek.pl\/program-partnerski-edycja-sztuka-pojecie-otwarte\/&#8220; url_new_window=&#8220;on&#8220; align=&#8220;center&#8220; _builder_version=&#8220;4.6.0&#8243; _module_preset=&#8220;default&#8220; min_height=&#8220;296px&#8220; custom_margin=&#8220;||6px|||&#8220; custom_padding=&#8220;||0px|||&#8220;][\/et_pb_image][et_pb_image src=&#8220;http:\/\/www.krakauer-haus.de\/kh-test\/wp-content\/uploads\/2020\/10\/StN_KombiKulturIB_horiz_4C-120308.jpg&#8220; title_text=&#8220;StN_Kombilogo_Kulturreferat-IB&#8220; align=&#8220;center&#8220; _builder_version=&#8220;4.6.0&#8243; _module_preset=&#8220;default&#8220; min_height=&#8220;91px&#8220; custom_padding=&#8220;35px||49px|||&#8220;][\/et_pb_image][\/et_pb_column][\/et_pb_row][et_pb_row column_structure=&#8220;1_2,1_2&#8243; _builder_version=&#8220;4.6.0&#8243; _module_preset=&#8220;default&#8220;][et_pb_column type=&#8220;1_2&#8243; _builder_version=&#8220;4.6.0&#8243; _module_preset=&#8220;default&#8220;][et_pb_image src=&#8220;http:\/\/www.krakauer-haus.de\/kh-test\/wp-content\/uploads\/2020\/11\/IMG_7506-scaled.jpg&#8220; title_text=&#8220;IMG_7506&#8243; _builder_version=&#8220;4.6.0&#8243; _module_preset=&#8220;default&#8220;][\/et_pb_image][\/et_pb_column][et_pb_column type=&#8220;1_2&#8243; _builder_version=&#8220;4.6.0&#8243; _module_preset=&#8220;default&#8220;][et_pb_image src=&#8220;http:\/\/www.krakauer-haus.de\/kh-test\/wp-content\/uploads\/2020\/11\/IMG_7504-scaled.jpg&#8220; title_text=&#8220;IMG_7504&#8243; _builder_version=&#8220;4.6.0&#8243; _module_preset=&#8220;default&#8220;][\/et_pb_image][\/et_pb_column][\/et_pb_row][et_pb_row _builder_version=&#8220;4.6.0&#8243; _module_preset=&#8220;default&#8220;][et_pb_column type=&#8220;4_4&#8243; _builder_version=&#8220;4.6.0&#8243; _module_preset=&#8220;default&#8220;][et_pb_button button_url=&#8220;http:\/\/www.krakauer-haus.de\/index.php\/hygienemassnahmen\/&#8220; button_text=&#8220;HYGIENEMA\u00dfNAHMEN&#8220; button_alignment=&#8220;center&#8220; _builder_version=&#8220;4.5.6&#8243; _module_preset=&#8220;default&#8220; custom_button=&#8220;on&#8220; button_text_color=&#8220;#ffffff&#8220; button_bg_color=&#8220;#df52ff&#8220; button_font=&#8220;|||on|||||&#8220; button_icon=&#8220;%%151%%&#8220; background_layout=&#8220;dark&#8220; custom_margin=&#8220;20px|||||&#8220; custom_padding=&#8220;2px|||||&#8220; animation_style=&#8220;bounce&#8220; locked=&#8220;off&#8220;][\/et_pb_button][\/et_pb_column][\/et_pb_row][\/et_pb_section]<\/p>\n","protected":false},"excerpt":{"rendered":"<p>24. OKTOBER von 14 bis 19 Uhr<\/p>\n","protected":false},"author":2,"featured_media":5955,"comment_status":"closed","ping_status":"closed","sticky":false,"template":"","format":"aside","meta":{"_et_pb_use_builder":"on","_et_pb_old_content":"","_et_gb_content_width":"","_price":"","_stock":"","_tribe_ticket_header":"","_tribe_default_ticket_provider":"","_tribe_ticket_capacity":"0","_ticket_start_date":"","_ticket_end_date":"","_tribe_ticket_show_description":"","_tribe_ticket_show_not_going":false,"_tribe_ticket_use_global_stock":"","_tribe_ticket_global_stock_level":"","_global_stock_mode":"","_global_stock_cap":"","_tribe_rsvp_for_event":"","_tribe_ticket_going_count":"","_tribe_ticket_not_going_count":"","_tribe_tickets_list":"[]","_tribe_ticket_has_attendee_info_fields":false,"footnotes":""},"categories":[28],"tags":[],"class_list":["post-6045","post","type-post","status-publish","format-aside","has-post-thumbnail","hentry","category-ausstellung","post_format-post-format-aside"],"_links":{"self":[{"href":"https:\/\/www.krakauer-haus.de\/kh-test\/index.php\/wp-json\/wp\/v2\/posts\/6045","targetHints":{"allow":["GET"]}}],"collection":[{"href":"https:\/\/www.krakauer-haus.de\/kh-test\/index.php\/wp-json\/wp\/v2\/posts"}],"about":[{"href":"https:\/\/www.krakauer-haus.de\/kh-test\/index.php\/wp-json\/wp\/v2\/types\/post"}],"author":[{"embeddable":true,"href":"https:\/\/www.krakauer-haus.de\/kh-test\/index.php\/wp-json\/wp\/v2\/users\/2"}],"replies":[{"embeddable":true,"href":"https:\/\/www.krakauer-haus.de\/kh-test\/index.php\/wp-json\/wp\/v2\/comments?post=6045"}],"version-history":[{"count":20,"href":"https:\/\/www.krakauer-haus.de\/kh-test\/index.php\/wp-json\/wp\/v2\/posts\/6045\/revisions"}],"predecessor-version":[{"id":6817,"href":"https:\/\/www.krakauer-haus.de\/kh-test\/index.php\/wp-json\/wp\/v2\/posts\/6045\/revisions\/6817"}],"wp:featuredmedia":[{"embeddable":true,"href":"https:\/\/www.krakauer-haus.de\/kh-test\/index.php\/wp-json\/wp\/v2\/media\/5955"}],"wp:attachment":[{"href":"https:\/\/www.krakauer-haus.de\/kh-test\/index.php\/wp-json\/wp\/v2\/media?parent=6045"}],"wp:term":[{"taxonomy":"category","embeddable":true,"href":"https:\/\/www.krakauer-haus.de\/kh-test\/index.php\/wp-json\/wp\/v2\/categories?post=6045"},{"taxonomy":"post_tag","embeddable":true,"href":"https:\/\/www.krakauer-haus.de\/kh-test\/index.php\/wp-json\/wp\/v2\/tags?post=6045"}],"curies":[{"name":"wp","href":"https:\/\/api.w.org\/{rel}","templated":true}]}}