{"id":3005,"date":"2019-04-11T23:43:53","date_gmt":"2019-04-11T21:43:53","guid":{"rendered":"http:\/\/www.krakauer-haus.de\/?p=3005"},"modified":"2021-03-16T23:26:34","modified_gmt":"2021-03-16T22:26:34","slug":"14-polnische-filmwoche","status":"publish","type":"post","link":"https:\/\/www.krakauer-haus.de\/kh-test\/index.php\/2019\/04\/11\/14-polnische-filmwoche\/","title":{"rendered":"FILM: 14. POLNISCHE FILMWOCHE"},"content":{"rendered":"<p>[et_pb_section fb_built=&#8220;1&#8243; _builder_version=&#8220;3.19.4&#8243; locked=&#8220;off&#8220;][et_pb_row custom_padding=&#8220;27px|0px|27px|0|false|false&#8220; _builder_version=&#8220;3.19.9&#8243;][et_pb_column type=&#8220;1_2&#8243; _builder_version=&#8220;3.19.4&#8243;][et_pb_text _builder_version=&#8220;3.20.2&#8243; text_font=&#8220;Arial||||||||&#8220; header_font=&#8220;Arial||||||||&#8220; header_text_color=&#8220;#0c71c3&#8243; header_font_size=&#8220;25px&#8220; background_color=&#8220;rgba(255,255,255,0.05)&#8220;]<\/p>\n<p style=\"text-align: justify;\"><span style=\"display: inline !important; float: none; background-color: transparent; color: #818181; font-family: Raleway,sans-serif; font-size: 14px; font-style: normal; font-variant: normal; font-weight: 400; letter-spacing: normal; orphans: 2; text-align: left; text-decoration: none; text-indent: 0px; text-transform: none; -webkit-text-stroke-width: 0px; white-space: normal; word-spacing: 0px;\">Das lange Warten hat endlich ein Ende: die 14. Filmwoche kommt! Wir sehen uns wieder im Cinnecita, am 2. Mai, um gemeinsam den Film anzuschauen, der sich als der gr\u00f6\u00dfte Kassenschlager seit Jahrzehnten erwiesen hat: <\/span><em style=\"background-attachment: scroll; background-clip: border-box; background-color: transparent; background-image: none; background-origin: padding-box; background-position-x: 0px; background-position-y: 0px; background-repeat: repeat; background-size: auto; border-image-outset: 0; border-image-repeat: stretch; border-image-slice: 100%; border-image-source: none; border-image-width: 1; color: #818181; font-family: Raleway,sans-serif; font-size: 14px; font-style: italic; font-variant: normal; font-weight: 400; letter-spacing: normal; orphans: 2; outline-color: invert; outline-style: none; outline-width: 0px; text-align: left; text-decoration: none; text-indent: 0px; text-transform: none; vertical-align: baseline; -webkit-text-stroke-width: 0px; white-space: normal; word-spacing: 0px; padding: 0px; margin: 0px; border: 0px none #818181;\">Klerus<\/em><span style=\"display: inline !important; float: none; background-color: transparent; color: #818181; font-family: Raleway,sans-serif; font-size: 14px; font-style: normal; font-variant: normal; font-weight: 400; letter-spacing: normal; orphans: 2; text-align: left; text-decoration: none; text-indent: 0px; text-transform: none; -webkit-text-stroke-width: 0px; white-space: normal; word-spacing: 0px;\"> von Wojciech Smarzowski. Der Filmemacher Smarzowski zeigt gerne die Schattenseiten der (polnischen) Gesellschaft \u2013 in \u00fcberspitzten, bitterb\u00f6sen, aber auch oft humorvollen Bildern. Unvergesslich die <\/span><em style=\"background-attachment: scroll; background-clip: border-box; background-color: transparent; background-image: none; background-origin: padding-box; background-position-x: 0px; background-position-y: 0px; background-repeat: repeat; background-size: auto; border-image-outset: 0; border-image-repeat: stretch; border-image-slice: 100%; border-image-source: none; border-image-width: 1; color: #818181; font-family: Raleway,sans-serif; font-size: 14px; font-style: italic; font-variant: normal; font-weight: 400; letter-spacing: normal; orphans: 2; outline-color: invert; outline-style: none; outline-width: 0px; text-align: left; text-decoration: none; text-indent: 0px; text-transform: none; vertical-align: baseline; -webkit-text-stroke-width: 0px; white-space: normal; word-spacing: 0px; padding: 0px; margin: 0px; border: 0px none #818181;\">Hochzeit<\/em><span style=\"display: inline !important; float: none; background-color: transparent; color: #818181; font-family: Raleway,sans-serif; font-size: 14px; font-style: normal; font-variant: normal; font-weight: 400; letter-spacing: normal; orphans: 2; text-align: left; text-decoration: none; text-indent: 0px; text-transform: none; -webkit-text-stroke-width: 0px; white-space: normal; word-spacing: 0px;\"> (<\/span><em style=\"background-attachment: scroll; background-clip: border-box; background-color: transparent; background-image: none; background-origin: padding-box; background-position-x: 0px; background-position-y: 0px; background-repeat: repeat; background-size: auto; border-image-outset: 0; border-image-repeat: stretch; border-image-slice: 100%; border-image-source: none; border-image-width: 1; color: #818181; font-family: Raleway,sans-serif; font-size: 14px; font-style: italic; font-variant: normal; font-weight: 400; letter-spacing: normal; orphans: 2; outline-color: invert; outline-style: none; outline-width: 0px; text-align: left; text-decoration: none; text-indent: 0px; text-transform: none; vertical-align: baseline; -webkit-text-stroke-width: 0px; white-space: normal; word-spacing: 0px; padding: 0px; margin: 0px; border: 0px none #818181;\">Wesele<\/em><span style=\"display: inline !important; float: none; background-color: transparent; color: #818181; font-family: Raleway,sans-serif; font-size: 14px; font-style: normal; font-variant: normal; font-weight: 400; letter-spacing: normal; orphans: 2; text-align: left; text-decoration: none; text-indent: 0px; text-transform: none; -webkit-text-stroke-width: 0px; white-space: normal; word-spacing: 0px;\">), die wir in der ersten Ausgabe der Polnischen Filmwoche gesehen haben, sp\u00e4ter <\/span><em style=\"background-attachment: scroll; background-clip: border-box; background-color: transparent; background-image: none; background-origin: padding-box; background-position-x: 0px; background-position-y: 0px; background-repeat: repeat; background-size: auto; border-image-outset: 0; border-image-repeat: stretch; border-image-slice: 100%; border-image-source: none; border-image-width: 1; color: #818181; font-family: Raleway,sans-serif; font-size: 14px; font-style: italic; font-variant: normal; font-weight: 400; letter-spacing: normal; orphans: 2; outline-color: invert; outline-style: none; outline-width: 0px; text-align: left; text-decoration: none; text-indent: 0px; text-transform: none; vertical-align: baseline; -webkit-text-stroke-width: 0px; white-space: normal; word-spacing: 0px; padding: 0px; margin: 0px; border: 0px none #818181;\">Das Haus des B\u00f6sen (Dom z\u0142y) <\/em><span style=\"display: inline !important; float: none; background-color: transparent; color: #818181; font-family: Raleway,sans-serif; font-size: 14px; font-style: normal; font-variant: normal; font-weight: 400; letter-spacing: normal; orphans: 2; text-align: left; text-decoration: none; text-indent: 0px; text-transform: none; -webkit-text-stroke-width: 0px; white-space: normal; word-spacing: 0px;\">und <\/span><em style=\"background-attachment: scroll; background-clip: border-box; background-color: transparent; background-image: none; background-origin: padding-box; background-position-x: 0px; background-position-y: 0px; background-repeat: repeat; background-size: auto; border-image-outset: 0; border-image-repeat: stretch; border-image-slice: 100%; border-image-source: none; border-image-width: 1; color: #818181; font-family: Raleway,sans-serif; font-size: 14px; font-style: italic; font-variant: normal; font-weight: 400; letter-spacing: normal; orphans: 2; outline-color: invert; outline-style: none; outline-width: 0px; text-align: left; text-decoration: none; text-indent: 0px; text-transform: none; vertical-align: baseline; -webkit-text-stroke-width: 0px; white-space: normal; word-spacing: 0px; padding: 0px; margin: 0px; border: 0px none #818181;\">Die Rose (R\u00f3\u017ca). <\/em><span style=\"display: inline !important; float: none; background-color: transparent; color: #818181; font-family: Raleway,sans-serif; font-size: 14px; font-style: normal; font-variant: normal; font-weight: 400; letter-spacing: normal; orphans: 2; text-align: left; text-decoration: none; text-indent: 0px; text-transform: none; -webkit-text-stroke-width: 0px; white-space: normal; word-spacing: 0px;\">Einige der Besucher\/innen der Polnischen Filmwoche haben den Er\u00f6ffnungsfilm vielleicht bereits gesehen \u2013 und doch sollen Sie sich die Vorf\u00fchrung nicht entgehen lassen, denn nach dem Film erwartet Sie ein Gespr\u00e4ch mit <\/span><strong style=\"background-attachment: scroll; background-clip: border-box; background-color: transparent; background-image: none; background-origin: padding-box; background-position-x: 0px; background-position-y: 0px; background-repeat: repeat; background-size: auto; border-image-outset: 0; border-image-repeat: stretch; border-image-slice: 100%; border-image-source: none; border-image-width: 1; color: #818181; font-family: Raleway,sans-serif; font-size: 14px; font-style: normal; font-variant: normal; font-weight: bold; letter-spacing: normal; orphans: 2; outline-color: invert; outline-style: none; outline-width: 0px; text-align: left; text-decoration: none; text-indent: 0px; text-transform: none; vertical-align: baseline; -webkit-text-stroke-width: 0px; white-space: normal; word-spacing: 0px; padding: 0px; margin: 0px; border: 0px none #818181;\">Janusz Gajos<\/strong><span style=\"display: inline !important; float: none; background-color: transparent; color: #818181; font-family: Raleway,sans-serif; font-size: 14px; font-style: normal; font-variant: normal; font-weight: 400; letter-spacing: normal; orphans: 2; text-align: left; text-decoration: none; text-indent: 0px; text-transform: none; -webkit-text-stroke-width: 0px; white-space: normal; word-spacing: 0px;\">!<\/span><em style=\"background-attachment: scroll; background-clip: border-box; background-color: transparent; background-image: none; background-origin: padding-box; background-position-x: 0px; background-position-y: 0px; background-repeat: repeat; background-size: auto; border-image-outset: 0; border-image-repeat: stretch; border-image-slice: 100%; border-image-source: none; border-image-width: 1; color: #818181; font-family: Raleway,sans-serif; font-size: 14px; font-style: italic; font-variant: normal; font-weight: 400; letter-spacing: normal; orphans: 2; outline-color: invert; outline-style: none; outline-width: 0px; text-align: left; text-decoration: none; text-indent: 0px; text-transform: none; vertical-align: baseline; -webkit-text-stroke-width: 0px; white-space: normal; word-spacing: 0px; padding: 0px; margin: 0px; border: 0px none #818181;\"><\/em><\/p>\n<p style=\"text-align: justify;\"><span style=\"color: #808080;\"><a style=\"color: #808080;\" href=\"https:\/\/krakauer-haus.de\/filmwoche\/ueber.htm\"><\/a><\/span><\/p>\n<p style=\"text-align: center;\"><strong><span style=\"color: #ff6600;\">14.\u00a0POLNISCHE FILMWOCHE: <\/span><\/strong><\/p>\n<p style=\"text-align: center;\"><strong><span style=\"color: #ff6600;\">2. bis 8. Mai 2019<\/span><\/strong><\/p>\n<p style=\"text-align: center;\"><strong><span style=\"color: #ff6600;\">im Cinecitta<\/span><\/strong><\/p>\n<p style=\"text-align: center;\"><strong><span style=\"color: #ff6600;\"><\/span><\/strong><\/p>\n<p style=\"text-align: center;\"><a href=\"https:\/\/polnische-filmwoche.de\/startseite\/programm\" target=\"_blank\" rel=\"noopener noreferrer\"><strong><span style=\"color: #ff6600;\"><span style=\"text-decoration: underline;\">PROGRAMM<\/span><span style=\"color: #0000ff;\"><\/span><span style=\"color: #008000;\"><\/span><\/span><\/strong><\/a><\/p>\n<p style=\"text-align: center;\">\n<p style=\"text-align: center;\">\n<p style=\"text-align: center;\">\n<p style=\"text-align: center;\"><a href=\"https:\/\/polnische-filmwoche.de\/startseite\/\"><strong><span style=\"color: #e05118;\"><\/span><\/strong><\/a><a href=\"https:\/\/polnische-filmwoche.de\/startseite\/\"><\/a><a href=\"https:\/\/polnische-filmwoche.de\/startseite\/\"><\/a><\/p>\n<p style=\"text-align: justify;\"><span style=\"color: #808080;\"><\/span><\/p>\n<p style=\"text-align: justify;\"><span style=\"color: #808080;\">\u201eFajny Film\u201c e. V.<\/span><\/p>\n<p style=\"text-align: justify;\"><span style=\"color: #808080;\">Die \u00fcber 1000j\u00e4hrige Geschichte der deutsch-polnischen Nachbarschaft hat gute und schlechte Zeiten erlebt. Damit das Verh\u00e4ltnis zwischen den Menschen unabh\u00e4ngig von der politischen Situation gut wird und bleibt, wollen wir Verst\u00e4ndnis f\u00fcr das Andersartige und Fremde wecken, Toleranz und kulturelle Vielfalt, aber auch Interesse f\u00fcr die Filmkunst f\u00f6rdern und politische Diskussionen anregen.<\/span><\/p>\n<p style=\"text-align: justify;\"><span style=\"color: #808080;\">Um diese Ziele zu realisieren hat eine Gruppe von Enthusiastinnen und Enthusiasten den Verein \u201eFajny Film\u201c gegr\u00fcndet. Der, unserer Meinung nach, f\u00fcr beide Sprachen verst\u00e4ndliche Vereinsname gibt die Hauptrichtung unserer Aktivit\u00e4ten wieder.<\/span><\/p>\n<p style=\"text-align: justify;\"><span style=\"color: #808080;\">Als einen Schritt in Richtung offene Stadtgesellschaft sehen die Vereinsgr\u00fcnder\/innen n\u00e4mlich die Durchf\u00fchrung der j\u00e4hrlich stattfindenden Polnischen Filmwoche sowie die Realisation von anderen internationalen Kulturprojekten f\u00fcr ein breites Publikum.<\/span><\/p>\n<p style=\"text-align: justify;\"><span style=\"color: #808080;\">Festivalleitung: Gra\u017cyna Wanat<\/span><\/p>\n<p style=\"text-align: justify;\"><span style=\"color: #808080;\">F\u00f6rderer: Stadt N\u00fcrnberg; Stadt Krakau; Amt f\u00fcr Internationale Beziehungen der Stadt N\u00fcrnberg; Krakauer Haus; Krakauer Turm Verein e.V.<\/span><span style=\"color: #808080;\">\u00a0<\/span><\/p>\n<p>[\/et_pb_text][et_pb_image src=&#8220;http:\/\/www.krakauer-haus.de\/kh-test\/wp-content\/uploads\/2019\/03\/FajnyFilm-e.V.LOGO_black-e1552687628798.png&#8220; _builder_version=&#8220;3.20.2&#8243;][\/et_pb_image][\/et_pb_column][et_pb_column type=&#8220;1_2&#8243; _builder_version=&#8220;3.19.4&#8243;][et_pb_image src=&#8220;http:\/\/www.krakauer-haus.de\/kh-test\/wp-content\/uploads\/2019\/03\/dinAO_bialy-pasek-www_bezGajoskleinwww.jpg&#8220; _builder_version=&#8220;3.20.2&#8243;][\/et_pb_image][et_pb_text _builder_version=&#8220;3.20.2&#8243;]<\/p>\n<h6><span style=\"color: #828282;\">Plakat: Kasia Prusik-Lutz<\/span><\/h6>\n<h6><span style=\"color: #828282;\">Foto: Jutta Missbach<\/span><\/h6>\n<p>[\/et_pb_text][et_pb_gallery gallery_ids=&#8220;3739,3738,3735,3732,3741,3743,3745,3747,3748,3750,3753,3754,3756,3757,3758,3760,3762,3764,3768,3769&#8243; show_title_and_caption=&#8220;off&#8220; show_pagination=&#8220;off&#8220; _builder_version=&#8220;3.20.2&#8243; title_font=&#8220;||||||||&#8220; title_font_size=&#8220;3px&#8220; caption_font=&#8220;||||||||&#8220; caption_font_size=&#8220;3px&#8220; pagination_font=&#8220;||||||||&#8220; pagination_font_size=&#8220;4px&#8220;][\/et_pb_gallery][\/et_pb_column][\/et_pb_row][\/et_pb_section]<\/p>\n","protected":false},"excerpt":{"rendered":"<p>2.-8. MAI | 20:00<\/p>\n","protected":false},"author":2,"featured_media":3125,"comment_status":"open","ping_status":"closed","sticky":false,"template":"","format":"standard","meta":{"_et_pb_use_builder":"on","_et_pb_old_content":"","_et_gb_content_width":"","_price":"","_stock":"","_tribe_ticket_header":"","_tribe_default_ticket_provider":"","_tribe_ticket_capacity":"0","_ticket_start_date":"","_ticket_end_date":"","_tribe_ticket_show_description":"","_tribe_ticket_show_not_going":false,"_tribe_ticket_use_global_stock":"","_tribe_ticket_global_stock_level":"","_global_stock_mode":"","_global_stock_cap":"","_tribe_rsvp_for_event":"","_tribe_ticket_going_count":"","_tribe_ticket_not_going_count":"","_tribe_tickets_list":"[]","_tribe_ticket_has_attendee_info_fields":false,"footnotes":""},"categories":[20],"tags":[],"class_list":["post-3005","post","type-post","status-publish","format-standard","has-post-thumbnail","hentry","category-kino"],"_links":{"self":[{"href":"https:\/\/www.krakauer-haus.de\/kh-test\/index.php\/wp-json\/wp\/v2\/posts\/3005","targetHints":{"allow":["GET"]}}],"collection":[{"href":"https:\/\/www.krakauer-haus.de\/kh-test\/index.php\/wp-json\/wp\/v2\/posts"}],"about":[{"href":"https:\/\/www.krakauer-haus.de\/kh-test\/index.php\/wp-json\/wp\/v2\/types\/post"}],"author":[{"embeddable":true,"href":"https:\/\/www.krakauer-haus.de\/kh-test\/index.php\/wp-json\/wp\/v2\/users\/2"}],"replies":[{"embeddable":true,"href":"https:\/\/www.krakauer-haus.de\/kh-test\/index.php\/wp-json\/wp\/v2\/comments?post=3005"}],"version-history":[{"count":18,"href":"https:\/\/www.krakauer-haus.de\/kh-test\/index.php\/wp-json\/wp\/v2\/posts\/3005\/revisions"}],"predecessor-version":[{"id":6810,"href":"https:\/\/www.krakauer-haus.de\/kh-test\/index.php\/wp-json\/wp\/v2\/posts\/3005\/revisions\/6810"}],"wp:featuredmedia":[{"embeddable":true,"href":"https:\/\/www.krakauer-haus.de\/kh-test\/index.php\/wp-json\/wp\/v2\/media\/3125"}],"wp:attachment":[{"href":"https:\/\/www.krakauer-haus.de\/kh-test\/index.php\/wp-json\/wp\/v2\/media?parent=3005"}],"wp:term":[{"taxonomy":"category","embeddable":true,"href":"https:\/\/www.krakauer-haus.de\/kh-test\/index.php\/wp-json\/wp\/v2\/categories?post=3005"},{"taxonomy":"post_tag","embeddable":true,"href":"https:\/\/www.krakauer-haus.de\/kh-test\/index.php\/wp-json\/wp\/v2\/tags?post=3005"}],"curies":[{"name":"wp","href":"https:\/\/api.w.org\/{rel}","templated":true}]}}