{"id":2535,"date":"2017-07-01T13:19:08","date_gmt":"2017-07-01T11:19:08","guid":{"rendered":"http:\/\/www.krakauer-haus.de\/?p=2535"},"modified":"2019-06-12T22:06:23","modified_gmt":"2019-06-12T20:06:23","slug":"inselkunst-2017-kornel-janczy-caspar-hueter","status":"publish","type":"post","link":"https:\/\/www.krakauer-haus.de\/kh-test\/index.php\/2017\/07\/01\/inselkunst-2017-kornel-janczy-caspar-hueter\/","title":{"rendered":"INSELKUNST 2017: KORNEL JANCZY + CASPAR H\u00dcTER"},"content":{"rendered":"\n\n\n[et_pb_section fb_built=&#8220;1&#8243; admin_label=&#8220;section&#8220; _builder_version=&#8220;3.0.47&#8243;][et_pb_row admin_label=&#8220;row&#8220; _builder_version=&#8220;3.0.48&#8243; background_size=&#8220;initial&#8220; background_position=&#8220;top_left&#8220; background_repeat=&#8220;repeat&#8220;][et_pb_column type=&#8220;4_4&#8243; _builder_version=&#8220;3.0.47&#8243;][et_pb_text admin_label=&#8220;Text&#8220; _builder_version=&#8220;3.0.74&#8243; background_size=&#8220;initial&#8220; background_position=&#8220;top_left&#8220; background_repeat=&#8220;repeat&#8220;]<h2><span style=\"color: #6b6b6b;\">1 JULI &#8211; 30 SEPTEMBER\u00a0<\/span><\/h2>\n<p>\u00a0<\/p>\n\n<!-- divi:gallery {\"ids\":[2536,2538,2537,2539,2540],\"columns\":3} -->\n<ul class=\"wp-block-gallery columns-3 is-cropped\"><li class=\"blocks-gallery-item\"><figure><img loading=\"lazy\" decoding=\"async\" width=\"300\" height=\"428\" src=\"http:\/\/www.krakauer-haus.de\/kh-test\/wp-content\/uploads\/2019\/01\/insel1.jpg\" alt=\"\" data-id=\"2536\" data-link=\"http:\/\/www.krakauer-haus.de\/?attachment_id=2536\" class=\"wp-image-2536\" srcset=\"https:\/\/www.krakauer-haus.de\/kh-test\/wp-content\/uploads\/2019\/01\/insel1.jpg 300w, https:\/\/www.krakauer-haus.de\/kh-test\/wp-content\/uploads\/2019\/01\/insel1-210x300.jpg 210w\" sizes=\"(max-width: 300px) 100vw, 300px\" \/><\/figure><\/li><li class=\"blocks-gallery-item\"><figure><img loading=\"lazy\" decoding=\"async\" width=\"365\" height=\"548\" src=\"http:\/\/www.krakauer-haus.de\/kh-test\/wp-content\/uploads\/2019\/01\/insel4.jpg\" alt=\"\" data-id=\"2538\" data-link=\"http:\/\/www.krakauer-haus.de\/?attachment_id=2538\" class=\"wp-image-2538\" srcset=\"https:\/\/www.krakauer-haus.de\/kh-test\/wp-content\/uploads\/2019\/01\/insel4.jpg 365w, https:\/\/www.krakauer-haus.de\/kh-test\/wp-content\/uploads\/2019\/01\/insel4-200x300.jpg 200w\" sizes=\"(max-width: 365px) 100vw, 365px\" \/><figcaption>Foto: Grazyna Wanat<\/figcaption><\/figure><\/li><li class=\"blocks-gallery-item\"><figure><img loading=\"lazy\" decoding=\"async\" width=\"365\" height=\"548\" src=\"http:\/\/www.krakauer-haus.de\/kh-test\/wp-content\/uploads\/2019\/01\/insel3.jpg\" alt=\"\" data-id=\"2537\" data-link=\"http:\/\/www.krakauer-haus.de\/?attachment_id=2537\" class=\"wp-image-2537\" srcset=\"https:\/\/www.krakauer-haus.de\/kh-test\/wp-content\/uploads\/2019\/01\/insel3.jpg 365w, https:\/\/www.krakauer-haus.de\/kh-test\/wp-content\/uploads\/2019\/01\/insel3-200x300.jpg 200w\" sizes=\"(max-width: 365px) 100vw, 365px\" \/><figcaption>Foto: Grazyna Wanat<\/figcaption><\/figure><\/li><li class=\"blocks-gallery-item\"><figure><img loading=\"lazy\" decoding=\"async\" width=\"735\" height=\"490\" src=\"http:\/\/www.krakauer-haus.de\/kh-test\/wp-content\/uploads\/2019\/01\/insel5.jpg\" alt=\"\" data-id=\"2539\" data-link=\"http:\/\/www.krakauer-haus.de\/?attachment_id=2539\" class=\"wp-image-2539\" srcset=\"https:\/\/www.krakauer-haus.de\/kh-test\/wp-content\/uploads\/2019\/01\/insel5.jpg 735w, https:\/\/www.krakauer-haus.de\/kh-test\/wp-content\/uploads\/2019\/01\/insel5-300x200.jpg 300w\" sizes=\"(max-width: 735px) 100vw, 735px\" \/><figcaption>Foto: Kasia Prusik<\/figcaption><\/figure><\/li><li class=\"blocks-gallery-item\"><figure><img loading=\"lazy\" decoding=\"async\" width=\"735\" height=\"392\" src=\"http:\/\/www.krakauer-haus.de\/kh-test\/wp-content\/uploads\/2019\/01\/insel6.jpg\" alt=\"\" data-id=\"2540\" data-link=\"http:\/\/www.krakauer-haus.de\/?attachment_id=2540\" class=\"wp-image-2540\" srcset=\"https:\/\/www.krakauer-haus.de\/kh-test\/wp-content\/uploads\/2019\/01\/insel6.jpg 735w, https:\/\/www.krakauer-haus.de\/kh-test\/wp-content\/uploads\/2019\/01\/insel6-300x160.jpg 300w\" sizes=\"(max-width: 735px) 100vw, 735px\" \/><figcaption>Foto: Rainer Eric<\/figcaption><\/figure><\/li><\/ul>\n<!-- \/divi:gallery -->\n\n<!-- divi:paragraph -->\n<p><strong>InselKunst 2017:<br>Kornel Janczy + Caspar H\u00fcter&nbsp;<br><\/strong><strong>Ein j\u00e4hrlich stattfindendes Projekt, zu welchem Krakauer und N\u00fcrnberger K\u00fcnstler eingeladen werden. Die Werke werden innerhalb der Insel Sch\u00fctt pr\u00e4sentiert.&nbsp;<\/strong><\/p>\n<!-- \/divi:paragraph -->\n\n<!-- divi:paragraph -->\n<p><strong>Kornel Janczy<\/strong>, ein Krakauer K\u00fcnstler, stellt seine malerische Komposition direkt auf dem Fluss aus und \u00fcberrascht damit die N\u00fcrnberger und alle Touristen. Die Arbeit bezieht sich in erster Linie auf die Tradition der romantischen Landschaftsmalerei, die in Deutschland ihren Ursprung hatte.&nbsp;<\/p>\n<!-- \/divi:paragraph -->\n\n<!-- divi:paragraph -->\n<p><strong>Caspar H\u00fcter<\/strong>&nbsp;ist bekannt f\u00fcr seine \u00fcberdimensionalen Rauminterventionen aus Rollladenlamellen &#8211; zum 20. Jubil\u00e4um des Krakauer Hauses pr\u00e4sentierte er seine ausdrucksstarken Arbeiten&nbsp;<a href=\"https:\/\/20jahre.krakauer-haus.de\/kunstprojekt20\/hueter\/\" target=\"_blank\" rel=\"noreferrer noopener\">in Krakau und in N\u00fcrnberg.&nbsp;<\/a>Zu&nbsp;<strong>InselKunst 2017<\/strong>&nbsp;erstellt er eine Lichtinstallation im Kassemattentunnel.<\/p>\n<!-- \/divi:paragraph -->\n\n<!-- divi:paragraph -->\n<p><strong>1.7.2017, 17 Uhr (Vernissage vor dem Krakauer Haus)<br>Ort: Insel Sch\u00fctt &#8211; Kunst in \u00f6ffentlichen Raum,&nbsp;<br>Ausstellungsdauer: 1.7. bis 30.9.2017<\/strong><\/p>\n<!-- \/divi:paragraph -->\n\n<!-- divi:paragraph -->\n<p><strong>Eine Veranstaltung des Kulturzentrums im Krakauer Haus<\/strong><br><\/p>\n<!-- \/divi:paragraph -->[\/et_pb_text][\/et_pb_column][\/et_pb_row][\/et_pb_section]\n\n\n","protected":false},"excerpt":{"rendered":"<p>1 JULI &#8211; 30 SEPTEMBER\u00a0 \u00a0 Foto: Grazyna WanatFoto: Grazyna WanatFoto: Kasia PrusikFoto: Rainer Eric InselKunst 2017:Kornel Janczy + Caspar H\u00fcter&nbsp;Ein j\u00e4hrlich stattfindendes Projekt, zu welchem Krakauer und N\u00fcrnberger K\u00fcnstler [&hellip;]<\/p>\n","protected":false},"author":1,"featured_media":0,"comment_status":"closed","ping_status":"closed","sticky":false,"template":"","format":"standard","meta":{"_et_pb_use_builder":"on","_et_pb_old_content":"<h2><span style=\"color: #6b6b6b;\">1 JULI - 30 SEPTEMBER\u00a0<\/span><\/h2>\n<p>\u00a0<\/p>\n\n<!-- wp:gallery {\"ids\":[2536,2538,2537,2539,2540],\"columns\":3} -->\n<ul class=\"wp-block-gallery columns-3 is-cropped\"><li class=\"blocks-gallery-item\"><figure><img src=\"http:\/\/www.krakauer-haus.de\/kh-test\/wp-content\/uploads\/2019\/01\/insel1.jpg\" alt=\"\" data-id=\"2536\" data-link=\"http:\/\/www.krakauer-haus.de\/?attachment_id=2536\" class=\"wp-image-2536\"\/><\/figure><\/li><li class=\"blocks-gallery-item\"><figure><img src=\"http:\/\/www.krakauer-haus.de\/kh-test\/wp-content\/uploads\/2019\/01\/insel4.jpg\" alt=\"\" data-id=\"2538\" data-link=\"http:\/\/www.krakauer-haus.de\/?attachment_id=2538\" class=\"wp-image-2538\"\/><figcaption>Foto: Grazyna Wanat<\/figcaption><\/figure><\/li><li class=\"blocks-gallery-item\"><figure><img src=\"http:\/\/www.krakauer-haus.de\/kh-test\/wp-content\/uploads\/2019\/01\/insel3.jpg\" alt=\"\" data-id=\"2537\" data-link=\"http:\/\/www.krakauer-haus.de\/?attachment_id=2537\" class=\"wp-image-2537\"\/><figcaption>Foto: Grazyna Wanat<\/figcaption><\/figure><\/li><li class=\"blocks-gallery-item\"><figure><img src=\"http:\/\/www.krakauer-haus.de\/kh-test\/wp-content\/uploads\/2019\/01\/insel5.jpg\" alt=\"\" data-id=\"2539\" data-link=\"http:\/\/www.krakauer-haus.de\/?attachment_id=2539\" class=\"wp-image-2539\"\/><figcaption>Foto: Kasia Prusik<\/figcaption><\/figure><\/li><li class=\"blocks-gallery-item\"><figure><img src=\"http:\/\/www.krakauer-haus.de\/kh-test\/wp-content\/uploads\/2019\/01\/insel6.jpg\" alt=\"\" data-id=\"2540\" data-link=\"http:\/\/www.krakauer-haus.de\/?attachment_id=2540\" class=\"wp-image-2540\"\/><figcaption>Foto: Rainer Eric<\/figcaption><\/figure><\/li><\/ul>\n<!-- \/wp:gallery -->\n\n<!-- wp:paragraph -->\n<p><strong>InselKunst 2017:<br>Kornel Janczy + Caspar H\u00fcter&nbsp;<br><\/strong><strong>Ein j\u00e4hrlich stattfindendes Projekt, zu welchem Krakauer und N\u00fcrnberger K\u00fcnstler eingeladen werden. Die Werke werden innerhalb der Insel Sch\u00fctt pr\u00e4sentiert.&nbsp;<\/strong><\/p>\n<!-- \/wp:paragraph -->\n\n<!-- wp:paragraph -->\n<p><strong>Kornel Janczy<\/strong>, ein Krakauer K\u00fcnstler, stellt seine malerische Komposition direkt auf dem Fluss aus und \u00fcberrascht damit die N\u00fcrnberger und alle Touristen. Die Arbeit bezieht sich in erster Linie auf die Tradition der romantischen Landschaftsmalerei, die in Deutschland ihren Ursprung hatte.&nbsp;<\/p>\n<!-- \/wp:paragraph -->\n\n<!-- wp:paragraph -->\n<p><strong>Caspar H\u00fcter<\/strong>&nbsp;ist bekannt f\u00fcr seine \u00fcberdimensionalen Rauminterventionen aus Rollladenlamellen - zum 20. Jubil\u00e4um des Krakauer Hauses pr\u00e4sentierte er seine ausdrucksstarken Arbeiten&nbsp;<a href=\"https:\/\/20jahre.krakauer-haus.de\/kunstprojekt20\/hueter\/\" target=\"_blank\" rel=\"noreferrer noopener\">in Krakau und in N\u00fcrnberg.&nbsp;<\/a>Zu&nbsp;<strong>InselKunst 2017<\/strong>&nbsp;erstellt er eine Lichtinstallation im Kassemattentunnel.<\/p>\n<!-- \/wp:paragraph -->\n\n<!-- wp:paragraph -->\n<p><strong>1.7.2017, 17 Uhr (Vernissage vor dem Krakauer Haus)<br>Ort: Insel Sch\u00fctt - Kunst in \u00f6ffentlichen Raum,&nbsp;<br>Ausstellungsdauer: 1.7. bis 30.9.2017<\/strong><\/p>\n<!-- \/wp:paragraph -->\n\n<!-- wp:paragraph -->\n<p><strong>Eine Veranstaltung des Kulturzentrums im Krakauer Haus<\/strong><br><\/p>\n<!-- \/wp:paragraph -->","_et_gb_content_width":"","_price":"","_stock":"","_tribe_ticket_header":"","_tribe_default_ticket_provider":"","_tribe_ticket_capacity":"0","_ticket_start_date":"","_ticket_end_date":"","_tribe_ticket_show_description":"","_tribe_ticket_show_not_going":false,"_tribe_ticket_use_global_stock":"","_tribe_ticket_global_stock_level":"","_global_stock_mode":"","_global_stock_cap":"","_tribe_rsvp_for_event":"","_tribe_ticket_going_count":"","_tribe_ticket_not_going_count":"","_tribe_tickets_list":"[]","_tribe_ticket_has_attendee_info_fields":false,"footnotes":""},"categories":[28],"tags":[],"class_list":["post-2535","post","type-post","status-publish","format-standard","hentry","category-ausstellung"],"_links":{"self":[{"href":"https:\/\/www.krakauer-haus.de\/kh-test\/index.php\/wp-json\/wp\/v2\/posts\/2535","targetHints":{"allow":["GET"]}}],"collection":[{"href":"https:\/\/www.krakauer-haus.de\/kh-test\/index.php\/wp-json\/wp\/v2\/posts"}],"about":[{"href":"https:\/\/www.krakauer-haus.de\/kh-test\/index.php\/wp-json\/wp\/v2\/types\/post"}],"author":[{"embeddable":true,"href":"https:\/\/www.krakauer-haus.de\/kh-test\/index.php\/wp-json\/wp\/v2\/users\/1"}],"replies":[{"embeddable":true,"href":"https:\/\/www.krakauer-haus.de\/kh-test\/index.php\/wp-json\/wp\/v2\/comments?post=2535"}],"version-history":[{"count":4,"href":"https:\/\/www.krakauer-haus.de\/kh-test\/index.php\/wp-json\/wp\/v2\/posts\/2535\/revisions"}],"predecessor-version":[{"id":3303,"href":"https:\/\/www.krakauer-haus.de\/kh-test\/index.php\/wp-json\/wp\/v2\/posts\/2535\/revisions\/3303"}],"wp:attachment":[{"href":"https:\/\/www.krakauer-haus.de\/kh-test\/index.php\/wp-json\/wp\/v2\/media?parent=2535"}],"wp:term":[{"taxonomy":"category","embeddable":true,"href":"https:\/\/www.krakauer-haus.de\/kh-test\/index.php\/wp-json\/wp\/v2\/categories?post=2535"},{"taxonomy":"post_tag","embeddable":true,"href":"https:\/\/www.krakauer-haus.de\/kh-test\/index.php\/wp-json\/wp\/v2\/tags?post=2535"}],"curies":[{"name":"wp","href":"https:\/\/api.w.org\/{rel}","templated":true}]}}