{"id":2218,"date":"2014-09-06T17:29:06","date_gmt":"2014-09-06T15:29:06","guid":{"rendered":"http:\/\/www.krakauer-haus.de\/?p=2218"},"modified":"2019-01-15T17:29:31","modified_gmt":"2019-01-15T16:29:31","slug":"erstmalige-praesentation-eines-streichklaviers-in-deutschland-viola-organista-ort-st-egidien-nuernberg","status":"publish","type":"post","link":"https:\/\/www.krakauer-haus.de\/kh-test\/index.php\/2014\/09\/06\/erstmalige-praesentation-eines-streichklaviers-in-deutschland-viola-organista-ort-st-egidien-nuernberg\/","title":{"rendered":"ERSTMALIGE PR\u00c4SENTATION EINES \u201eSTREICHKLAVIERS\u201c IN DEUTSCHLAND VIOLA ORGANISTA ORT: ST. EGIDIEN N\u00dcRNBERG"},"content":{"rendered":"\n[et_pb_section fb_built=&#8220;1&#8243; _builder_version=&#8220;3.0.47&#8243; custom_padding=&#8220;0|0px|54px|0px|false|false&#8220;][et_pb_row custom_padding=&#8220;1px|0px|22px|0px|false|false&#8220; _builder_version=&#8220;3.18.1&#8243;][et_pb_column type=&#8220;4_4&#8243; _builder_version=&#8220;3.18.1&#8243; parallax=&#8220;off&#8220; parallax_method=&#8220;on&#8220;][et_pb_text _builder_version=&#8220;3.19.4&#8243; text_font=&#8220;|||on|||||&#8220; text_font_size=&#8220;26px&#8220;]<p>6 September | 19:30 Uhr<\/p>\n[\/et_pb_text][\/et_pb_column][\/et_pb_row][et_pb_row custom_padding=&#8220;0|0px|27px|0|false|false&#8220; _builder_version=&#8220;3.18.1&#8243;][et_pb_column type=&#8220;4_4&#8243; _builder_version=&#8220;3.18.1&#8243; parallax=&#8220;off&#8220; parallax_method=&#8220;on&#8220;][et_pb_text _builder_version=&#8220;3.19.4&#8243;]<p><b>35 JAHRE KRAKAU &#8211; N\u00dcRNBERG<\/b><\/p>\n<p>&nbsp;<\/p>\n<p><b>EINE VERANSTALTUNG ZUM 35. JUBIL\u00c4UM DER ST\u00c4DTEPARTNERSCHAFT KRAKAU \u2013 N\u00dcRNBERG<\/b><\/p>\n<p>&nbsp;<\/p>\n<p>\u201eN\u00fcrnbergisch Geigenwerk\u201c von 1575, nach einem Entwurf von Leonardo da Vinci. Musik von Vincenzo Galilei, Orlando di Lasso, Hans Leo Hassler, Philipp Emanuel Bach u.a.<\/p>\n<p>&nbsp;<\/p>\n<p><strong>S\u0142awomir Zubrzycki (Krakau)<br \/>Egidienchor N\u00fcrnberg (Leitung Pia Praetorius)<\/strong><\/p>\n<p>&nbsp;<\/p>\n<p>S\u0142awomir Zubrzycki rekonstruierte das von Leonardo da Vinci entworfene und von Sebald Heyden erstmals gebaute Instrument nach jahrelanger Forschungsarbeit. Nach der Fertigstellung 2013 pr\u00e4sentierte er dieses Instrument weltweit erfolgreich auf vielen Festivals und stellt es nun erstmals in Deutschland vor.<\/p>\n<p>&nbsp;<\/p>\n<p>Der polnische Pianist Slawomir Zubrzycki hat ein von Leonardo da Vinci entworfenes Instrument, das die Eigenschaften eines Klaviers mit denen eines Streichinstrument zu kombinieren versucht, rekonstruiert. Die Pl\u00e4ne des Instruments stammen aus der Zeit nach 1470. Die Kreuzung aus einem Cembalo und einer Viola da Gamba tr\u00e4gt den Namen &#8222;Viola Organista&#8220;. Der Nachbau erinnert an ein Piano, doch werden die 61 Saiten nicht mit H\u00e4mmern zum Erklingen gebracht, sondern von einem mit Pferdehaaren bezogenen R\u00e4derwerk wie ein Streichinstrument gespielt.<\/p>\n<p>&nbsp;<\/p>\n<p><strong>Slawomir Zubrzycki<\/strong> wurde in Krakau geboren, wo er auch sein Klavierstudium an der Musikakademie absolvierte. Danach studierte er als Fulbright-Stipendiat am Boston Conservatory. Im Gespr\u00e4ch erz\u00e4hlte er die Geschichte &#8222;seines&#8220; Instrumentes.<\/p>\n<p>&nbsp;<\/p>\n<p>Der polnische Pianist Slawomir Zubrzycki hat ein von Leonardo da Vinci entworfenes Instrument, das die Eigenschaften eines Klaviers mit denen eines Streichinstrument zu kombinieren versucht, rekonstruiert. Die Pl\u00e4ne des Instruments stammen aus der Zeit nach 1470. Die Kreuzung aus einem Cembalo und einer Viola da Gamba tr\u00e4gt den Namen &#8222;Viola Organista&#8220;. Der Nachbau erinnert an ein Piano, doch werden die 61 Saiten nicht mit H\u00e4mmern zum Erklingen gebracht, sondern von einem mit Pferdehaaren bezogenen R\u00e4derwerk wie ein Streichinstrument gespielt.<\/p>\n<p>&nbsp;<\/p>\n<p>Die Viola Organista besitzt den Klang eines Cellos, teilweise klingt sie so auch so kr\u00e4ftig wie eine Orgel. Drei Jahre und mehr als 5000 Stunden hat Slawomir Zubrzycki f\u00fcr den Bau des Instruments ben\u00f6tigt.<\/p>\n<p>&nbsp;<\/p>\n<p><strong>Bereits 1575 hatte der N\u00fcrnberger Hans Haiden (1536-1613) ein sogenanntes &#8222;Geigenwerk&#8220; nach der Vorlage da Vincis gebaut. <\/strong><\/p>\n<p>&nbsp;<\/p>\n<p>Durch die Publikation Syntagma Musicum von Michael Praetorius errang Hans Heydens N\u00fcrnbergisch Geigenwerk (Geigenklavizimbel) besondere Aufmerksamkeit.<\/p>\n<p>&nbsp;<\/p>\n<p>Praetorius erw\u00e4hnte in seiner Beschreibung, dass das Geigenwerk auch zur Begleitung von S\u00e4ngern in Kirchen eingesetzt wurde.<\/p>\n<p>&nbsp;<\/p>\n<p>Erstmalig erklang deshalb in diesem Konzert dieses Instrument gemeinsam mit einem Chor. Der Egidienchor N\u00fcrnberg und S\u0142awomir Zubrzycki musizierten Werke von Hans Leo Hassler, der zur Zeit der Erbauung in N\u00fcrnberg lebte und dieses Instrument m\u00f6glicherweise selbst erlebt hat.<\/p>\n<p>&nbsp;<\/p>\n<p>Daneben spielte S\u0142awomir Zubrzycki ein abwechslungsreiches Solo-Programm. Beginnend mit Vincenzo Galilei bis zu Carl Philipp Emanuel Bach pr\u00e4sentierte der polnische Klaviervirtuose die vielf\u00e4ltigen Klangm\u00f6glichkeiten dieses gro\u00dfartigen Instrumentes.<\/p>\n<p>&nbsp;<\/p>\n<p><span>Auch nach dem Konzert blieb das faszinierte Publikum noch lange da, in der wundersch\u00f6nen und gastfreundlichen Egidienkirche, um das interessante Instrument genauer anzuschauen und dem Gast aus Krakau zahlreiche fragen zu stellen.<\/span><\/p>\n<p>&nbsp;<\/p>\n<p><span style=\"font-size: 14px;\">\u00a0<\/span><\/p>\n<p>&nbsp;<\/p>\n<p><span><\/span><\/p>\n<p>&nbsp;<\/p>[\/et_pb_text][\/et_pb_column][\/et_pb_row][et_pb_row custom_padding=&#8220;1px|0px|27px|0|false|false&#8220; _builder_version=&#8220;3.18.1&#8243;][et_pb_column type=&#8220;4_4&#8243; _builder_version=&#8220;3.18.1&#8243; parallax=&#8220;off&#8220; parallax_method=&#8220;on&#8220;][et_pb_gallery gallery_ids=&#8220;2226,2221,2222,2223,2224,2225&#8243; show_title_and_caption=&#8220;off&#8220; admin_label=&#8220;Galerie&#8220; _builder_version=&#8220;3.19.4&#8243;][\/et_pb_gallery][et_pb_text _builder_version=&#8220;3.19.4&#8243;]<p><strong>Eine Veranstaltung des Kulturzentrums im Krakauer Haus in Kooperation mit St. Egidien N\u00fcrnberg<\/strong><\/p>\n[\/et_pb_text][\/et_pb_column][\/et_pb_row][\/et_pb_section]\n","protected":false},"excerpt":{"rendered":"<p>6 September | 19:30 Uhr 35 JAHRE KRAKAU &#8211; N\u00dcRNBERG &nbsp; EINE VERANSTALTUNG ZUM 35. JUBIL\u00c4UM DER ST\u00c4DTEPARTNERSCHAFT KRAKAU \u2013 N\u00dcRNBERG &nbsp; \u201eN\u00fcrnbergisch Geigenwerk\u201c von 1575, nach einem Entwurf von [&hellip;]<\/p>\n","protected":false},"author":1,"featured_media":0,"comment_status":"closed","ping_status":"closed","sticky":false,"template":"","format":"standard","meta":{"_et_pb_use_builder":"on","_et_pb_old_content":"<!-- wp:paragraph -->\n<p><\/p>\n<!-- \/wp:paragraph -->\n\n<!-- wp:heading -->\n<h2>9 Dezember, 10:30 - 12:00<\/h2>\n<!-- \/wp:heading -->","_et_gb_content_width":"","_price":"","_stock":"","_tribe_ticket_header":"","_tribe_default_ticket_provider":"","_tribe_ticket_capacity":"0","_ticket_start_date":"","_ticket_end_date":"","_tribe_ticket_show_description":"","_tribe_ticket_show_not_going":false,"_tribe_ticket_use_global_stock":"","_tribe_ticket_global_stock_level":"","_global_stock_mode":"","_global_stock_cap":"","_tribe_rsvp_for_event":"","_tribe_ticket_going_count":"","_tribe_ticket_not_going_count":"","_tribe_tickets_list":"[]","_tribe_ticket_has_attendee_info_fields":false,"footnotes":""},"categories":[4],"tags":[],"class_list":["post-2218","post","type-post","status-publish","format-standard","hentry","category-konzert"],"_links":{"self":[{"href":"https:\/\/www.krakauer-haus.de\/kh-test\/index.php\/wp-json\/wp\/v2\/posts\/2218","targetHints":{"allow":["GET"]}}],"collection":[{"href":"https:\/\/www.krakauer-haus.de\/kh-test\/index.php\/wp-json\/wp\/v2\/posts"}],"about":[{"href":"https:\/\/www.krakauer-haus.de\/kh-test\/index.php\/wp-json\/wp\/v2\/types\/post"}],"author":[{"embeddable":true,"href":"https:\/\/www.krakauer-haus.de\/kh-test\/index.php\/wp-json\/wp\/v2\/users\/1"}],"replies":[{"embeddable":true,"href":"https:\/\/www.krakauer-haus.de\/kh-test\/index.php\/wp-json\/wp\/v2\/comments?post=2218"}],"version-history":[{"count":3,"href":"https:\/\/www.krakauer-haus.de\/kh-test\/index.php\/wp-json\/wp\/v2\/posts\/2218\/revisions"}],"predecessor-version":[{"id":2228,"href":"https:\/\/www.krakauer-haus.de\/kh-test\/index.php\/wp-json\/wp\/v2\/posts\/2218\/revisions\/2228"}],"wp:attachment":[{"href":"https:\/\/www.krakauer-haus.de\/kh-test\/index.php\/wp-json\/wp\/v2\/media?parent=2218"}],"wp:term":[{"taxonomy":"category","embeddable":true,"href":"https:\/\/www.krakauer-haus.de\/kh-test\/index.php\/wp-json\/wp\/v2\/categories?post=2218"},{"taxonomy":"post_tag","embeddable":true,"href":"https:\/\/www.krakauer-haus.de\/kh-test\/index.php\/wp-json\/wp\/v2\/tags?post=2218"}],"curies":[{"name":"wp","href":"https:\/\/api.w.org\/{rel}","templated":true}]}}