{"id":2200,"date":"2014-09-07T16:35:47","date_gmt":"2014-09-07T14:35:47","guid":{"rendered":"http:\/\/www.krakauer-haus.de\/?p=2200"},"modified":"2019-01-15T16:36:11","modified_gmt":"2019-01-15T15:36:11","slug":"konzert-vladimirska-ort-hemdendienst-rothenburger-str-10-altes-fundamt-des-nuernberger-volksbads","status":"publish","type":"post","link":"https:\/\/www.krakauer-haus.de\/kh-test\/index.php\/2014\/09\/07\/konzert-vladimirska-ort-hemdendienst-rothenburger-str-10-altes-fundamt-des-nuernberger-volksbads\/","title":{"rendered":"KONZERT: VLADIMIRSKA. ORT: HEMDENDIENST, ROTHENBURGER STR. 10 (ALTES FUNDAMT DES N\u00dcRNBERGER VOLKSBADS)"},"content":{"rendered":"\n[et_pb_section fb_built=&#8220;1&#8243; _builder_version=&#8220;3.0.47&#8243; custom_padding=&#8220;0|0px|54px|0px|false|false&#8220;][et_pb_row custom_padding=&#8220;1px|0px|22px|0px|false|false&#8220; _builder_version=&#8220;3.18.1&#8243;][et_pb_column type=&#8220;4_4&#8243; _builder_version=&#8220;3.18.1&#8243; parallax=&#8220;off&#8220; parallax_method=&#8220;on&#8220;][et_pb_text _builder_version=&#8220;3.19.4&#8243; text_font=&#8220;|||on|||||&#8220; text_font_size=&#8220;26px&#8220;]<p>7 September | 21:00 Uhr<\/p>\n[\/et_pb_text][\/et_pb_column][\/et_pb_row][et_pb_row custom_padding=&#8220;0|0px|27px|0|false|false&#8220; _builder_version=&#8220;3.18.1&#8243;][et_pb_column type=&#8220;4_4&#8243; _builder_version=&#8220;3.18.1&#8243; parallax=&#8220;off&#8220; parallax_method=&#8220;on&#8220;][et_pb_text _builder_version=&#8220;3.19.4&#8243;]<p><b>35 JAHRE KRAKAU &#8211; N\u00dcRNBERG<\/b><\/p>\n<p><b>EINE VERANSTALTUNG ZUM 35. JUBIL\u00c4UM DER ST\u00c4DTEPARTNERSCHAFT KRAKAU \u2013 N\u00dcRNBERG<\/b><\/p>\n<p><em><img loading=\"lazy\" decoding=\"async\" src=\"http:\/\/www.krakauer-haus.de\/old\/veranstaltungen\/2014_3\/vladimirska450.jpg\" width=\"278\" height=\"185\" hspace=\"5\" align=\"left\" \/><\/em><\/p>\n<p><em><\/em><\/p>\n<p><em><\/em><\/p>\n<p><em><\/em><\/p>\n<p><em><\/em><\/p>\n<p><em><\/em><\/p>\n<p><em><\/em><\/p>\n<p><em><\/em><\/p>\n<p><em><\/em><\/p>\n<p><em><\/em><\/p>\n<p><em><\/em><\/p>\n<p><em><\/em><\/p>\n<p><em><\/em><\/p>\n<p><em><\/em><\/p>\n<p><em><\/em><\/p>\n<p><em>Eine Mischung aus Folk, Pop, Zirkus und spa\u00dfigem Trad Jazz, irgendwo zwischen leicht melancholischer Filmmusik und gutgelaunter Polka. <\/em>Die perfekte Kombination f\u00fcr einen gelungenen Sonntagabend &#8211; die Gruppe Vladimirska aus Krakau mit einem bet\u00f6renden Instrumentarium: Akkordeon, Trompete, Gitarre, Ukulele, Saxofon, Schlagzeug und der Stimme der aus Kanada stammenden Wahlkrakauerin Scotia Gilroy \u2013 und die cooleste Location der Stadt: der \u201eHemdendienst\u201c.<\/p>\n<p>Der Folk-Pop-Sound von Vladimirska steht fest verankert in einem exotischen und karnevalesken Musikreich, das auf europ\u00e4ische Fanfaren, Jahrm\u00e4rkte und Wanderzirkusse einer vergangenen Zeit zur\u00fcckf\u00fchrt.<\/p>\n<p><span>Die Band selbst bezeichnet ihre Musik als \u201eRetro-Zirkus-Folk\u201d. Sie erhielten den \u201ePreis der Deutschen Schallplattenkritik\u201d in der Kategorie \u201eFolk und Folklore\u201d f\u00fcr ihr Deb\u00fctalbum \u201eNight Trains\u201d, erschienen im Juni 2011 bei Gusstaff Records. Vladimirska verwebt bezaubernde Motive und \u00e4therische Melodien zu nostalgischen, aber sorglosen, lebhaften Songs.<\/span><\/p>\n<p>&nbsp;<\/p>\n<p>&nbsp;<\/p>\n<p><span><\/span><\/p>\n[\/et_pb_text][\/et_pb_column][\/et_pb_row][\/et_pb_section]\n","protected":false},"excerpt":{"rendered":"<p>7 September | 21:00 Uhr 35 JAHRE KRAKAU &#8211; N\u00dcRNBERG EINE VERANSTALTUNG ZUM 35. JUBIL\u00c4UM DER ST\u00c4DTEPARTNERSCHAFT KRAKAU \u2013 N\u00dcRNBERG Eine Mischung aus Folk, Pop, Zirkus und spa\u00dfigem Trad Jazz, [&hellip;]<\/p>\n","protected":false},"author":1,"featured_media":0,"comment_status":"closed","ping_status":"closed","sticky":false,"template":"","format":"standard","meta":{"_et_pb_use_builder":"on","_et_pb_old_content":"<!-- wp:paragraph -->\n<p><\/p>\n<!-- \/wp:paragraph -->\n\n<!-- wp:heading -->\n<h2>9 Dezember, 10:30 - 12:00<\/h2>\n<!-- \/wp:heading -->","_et_gb_content_width":"","_price":"","_stock":"","_tribe_ticket_header":"","_tribe_default_ticket_provider":"","_tribe_ticket_capacity":"0","_ticket_start_date":"","_ticket_end_date":"","_tribe_ticket_show_description":"","_tribe_ticket_show_not_going":false,"_tribe_ticket_use_global_stock":"","_tribe_ticket_global_stock_level":"","_global_stock_mode":"","_global_stock_cap":"","_tribe_rsvp_for_event":"","_tribe_ticket_going_count":"","_tribe_ticket_not_going_count":"","_tribe_tickets_list":"[]","_tribe_ticket_has_attendee_info_fields":false,"footnotes":""},"categories":[4],"tags":[],"class_list":["post-2200","post","type-post","status-publish","format-standard","hentry","category-konzert"],"_links":{"self":[{"href":"https:\/\/www.krakauer-haus.de\/kh-test\/index.php\/wp-json\/wp\/v2\/posts\/2200","targetHints":{"allow":["GET"]}}],"collection":[{"href":"https:\/\/www.krakauer-haus.de\/kh-test\/index.php\/wp-json\/wp\/v2\/posts"}],"about":[{"href":"https:\/\/www.krakauer-haus.de\/kh-test\/index.php\/wp-json\/wp\/v2\/types\/post"}],"author":[{"embeddable":true,"href":"https:\/\/www.krakauer-haus.de\/kh-test\/index.php\/wp-json\/wp\/v2\/users\/1"}],"replies":[{"embeddable":true,"href":"https:\/\/www.krakauer-haus.de\/kh-test\/index.php\/wp-json\/wp\/v2\/comments?post=2200"}],"version-history":[{"count":4,"href":"https:\/\/www.krakauer-haus.de\/kh-test\/index.php\/wp-json\/wp\/v2\/posts\/2200\/revisions"}],"predecessor-version":[{"id":2205,"href":"https:\/\/www.krakauer-haus.de\/kh-test\/index.php\/wp-json\/wp\/v2\/posts\/2200\/revisions\/2205"}],"wp:attachment":[{"href":"https:\/\/www.krakauer-haus.de\/kh-test\/index.php\/wp-json\/wp\/v2\/media?parent=2200"}],"wp:term":[{"taxonomy":"category","embeddable":true,"href":"https:\/\/www.krakauer-haus.de\/kh-test\/index.php\/wp-json\/wp\/v2\/categories?post=2200"},{"taxonomy":"post_tag","embeddable":true,"href":"https:\/\/www.krakauer-haus.de\/kh-test\/index.php\/wp-json\/wp\/v2\/tags?post=2200"}],"curies":[{"name":"wp","href":"https:\/\/api.w.org\/{rel}","templated":true}]}}