{"id":1925,"date":"2011-09-16T12:48:24","date_gmt":"2011-09-16T10:48:24","guid":{"rendered":"http:\/\/www.krakauer-haus.de\/?p=1925"},"modified":"2019-01-10T12:53:29","modified_gmt":"2019-01-10T11:53:29","slug":"am-bauzaun-um-die-lorenzkirche-glanz-veit-stoss-altar-in-der-marienkirche-in-krakau","status":"publish","type":"post","link":"https:\/\/www.krakauer-haus.de\/kh-test\/index.php\/2011\/09\/16\/am-bauzaun-um-die-lorenzkirche-glanz-veit-stoss-altar-in-der-marienkirche-in-krakau\/","title":{"rendered":"FOTOAUSSTELLUNG &#8211; AM BAUZAUN UM DIE LORENZKIRCHE: \u201eGLANZ\u201c \u2013 VEIT STOSS ALTAR IN DER MARIENKIRCHE IN KRAKAU"},"content":{"rendered":"\n<p><strong>15 JAHRE KRAKAUER HAUS<\/strong><\/p>\n\n\n<h2><span style=\"color: #6b6b6b;\">AB 16 SEPTEMBER\u00a0<\/span><\/h2>\n<p>\u00a0<\/p>\n\n\n<ul class=\"wp-block-gallery columns-3 is-cropped wp-block-gallery-1 is-layout-flex wp-block-gallery-is-layout-flex\"><li class=\"blocks-gallery-item\"><figure><img loading=\"lazy\" decoding=\"async\" width=\"400\" height=\"600\" src=\"http:\/\/www.krakauer-haus.de\/kh-test\/wp-content\/uploads\/2019\/01\/stwosz2.jpg\" alt=\"\" data-id=\"1932\" data-link=\"http:\/\/www.krakauer-haus.de\/?attachment_id=1932\" class=\"wp-image-1932\" srcset=\"https:\/\/www.krakauer-haus.de\/kh-test\/wp-content\/uploads\/2019\/01\/stwosz2.jpg 400w, https:\/\/www.krakauer-haus.de\/kh-test\/wp-content\/uploads\/2019\/01\/stwosz2-200x300.jpg 200w\" sizes=\"(max-width: 400px) 100vw, 400px\" \/><\/figure><\/li><li class=\"blocks-gallery-item\"><figure><img loading=\"lazy\" decoding=\"async\" width=\"375\" height=\"281\" src=\"http:\/\/www.krakauer-haus.de\/kh-test\/wp-content\/uploads\/2019\/01\/15_wit1.jpg\" alt=\"\" data-id=\"1926\" data-link=\"http:\/\/www.krakauer-haus.de\/?attachment_id=1926\" class=\"wp-image-1926\" srcset=\"https:\/\/www.krakauer-haus.de\/kh-test\/wp-content\/uploads\/2019\/01\/15_wit1.jpg 375w, https:\/\/www.krakauer-haus.de\/kh-test\/wp-content\/uploads\/2019\/01\/15_wit1-300x225.jpg 300w\" sizes=\"(max-width: 375px) 100vw, 375px\" \/><\/figure><\/li><li class=\"blocks-gallery-item\"><figure><img loading=\"lazy\" decoding=\"async\" width=\"375\" height=\"281\" src=\"http:\/\/www.krakauer-haus.de\/kh-test\/wp-content\/uploads\/2019\/01\/15_wit2.jpg\" alt=\"\" data-id=\"1927\" data-link=\"http:\/\/www.krakauer-haus.de\/?attachment_id=1927\" class=\"wp-image-1927\" srcset=\"https:\/\/www.krakauer-haus.de\/kh-test\/wp-content\/uploads\/2019\/01\/15_wit2.jpg 375w, https:\/\/www.krakauer-haus.de\/kh-test\/wp-content\/uploads\/2019\/01\/15_wit2-300x225.jpg 300w\" sizes=\"(max-width: 375px) 100vw, 375px\" \/><\/figure><\/li><li class=\"blocks-gallery-item\"><figure><img loading=\"lazy\" decoding=\"async\" width=\"375\" height=\"276\" src=\"http:\/\/www.krakauer-haus.de\/kh-test\/wp-content\/uploads\/2019\/01\/15_wit3.jpg\" alt=\"\" data-id=\"1928\" data-link=\"http:\/\/www.krakauer-haus.de\/?attachment_id=1928\" class=\"wp-image-1928\" srcset=\"https:\/\/www.krakauer-haus.de\/kh-test\/wp-content\/uploads\/2019\/01\/15_wit3.jpg 375w, https:\/\/www.krakauer-haus.de\/kh-test\/wp-content\/uploads\/2019\/01\/15_wit3-300x221.jpg 300w\" sizes=\"(max-width: 375px) 100vw, 375px\" \/><\/figure><\/li><li class=\"blocks-gallery-item\"><figure><img loading=\"lazy\" decoding=\"async\" width=\"375\" height=\"250\" src=\"http:\/\/www.krakauer-haus.de\/kh-test\/wp-content\/uploads\/2019\/01\/15_wit4.jpg\" alt=\"\" data-id=\"1929\" data-link=\"http:\/\/www.krakauer-haus.de\/?attachment_id=1929\" class=\"wp-image-1929\" srcset=\"https:\/\/www.krakauer-haus.de\/kh-test\/wp-content\/uploads\/2019\/01\/15_wit4.jpg 375w, https:\/\/www.krakauer-haus.de\/kh-test\/wp-content\/uploads\/2019\/01\/15_wit4-300x200.jpg 300w\" sizes=\"(max-width: 375px) 100vw, 375px\" \/><\/figure><\/li><li class=\"blocks-gallery-item\"><figure><img loading=\"lazy\" decoding=\"async\" width=\"375\" height=\"281\" src=\"http:\/\/www.krakauer-haus.de\/kh-test\/wp-content\/uploads\/2019\/01\/15_wit5.jpg\" alt=\"\" data-id=\"1930\" data-link=\"http:\/\/www.krakauer-haus.de\/?attachment_id=1930\" class=\"wp-image-1930\" srcset=\"https:\/\/www.krakauer-haus.de\/kh-test\/wp-content\/uploads\/2019\/01\/15_wit5.jpg 375w, https:\/\/www.krakauer-haus.de\/kh-test\/wp-content\/uploads\/2019\/01\/15_wit5-300x225.jpg 300w\" sizes=\"(max-width: 375px) 100vw, 375px\" \/><\/figure><\/li><li class=\"blocks-gallery-item\"><figure><img loading=\"lazy\" decoding=\"async\" width=\"375\" height=\"250\" src=\"http:\/\/www.krakauer-haus.de\/kh-test\/wp-content\/uploads\/2019\/01\/15_wit6.jpg\" alt=\"\" data-id=\"1931\" data-link=\"http:\/\/www.krakauer-haus.de\/?attachment_id=1931\" class=\"wp-image-1931\" srcset=\"https:\/\/www.krakauer-haus.de\/kh-test\/wp-content\/uploads\/2019\/01\/15_wit6.jpg 375w, https:\/\/www.krakauer-haus.de\/kh-test\/wp-content\/uploads\/2019\/01\/15_wit6-300x200.jpg 300w\" sizes=\"(max-width: 375px) 100vw, 375px\" \/><\/figure><\/li><li class=\"blocks-gallery-item\"><figure><img loading=\"lazy\" decoding=\"async\" width=\"164\" height=\"225\" src=\"http:\/\/www.krakauer-haus.de\/kh-test\/wp-content\/uploads\/2019\/01\/15_wit.jpg\" alt=\"\" data-id=\"1933\" data-link=\"http:\/\/www.krakauer-haus.de\/?attachment_id=1933\" class=\"wp-image-1933\"\/><\/figure><\/li><\/ul>\n\n\n\n<p>Andrzej Nowakowski erhielt eine einmalige Chance das Veit Sto\u00df Altar in der Marienkirche in Krakau in Nahaufnahmen zu fotografieren. Mit Hilfe von speziellen Ger\u00fcsten, einer theatralischen Beleuchtung und Technik der Makrofotografie bringt er das monumentale Werk des ber\u00fchmten N\u00fcrnberger detailliert und faszinierend nahe. Auch die neuesten Errungenschaften der Fototechnik und der Bildbearbeitung erm\u00f6glichen zum ersten Mal die Nuancen des Werkes zu entdecken und zu pr\u00e4sentieren.&nbsp;<\/p>\n\n\n\n<p>30 gro\u00dfformatige Ausdrucke werden im \u00f6ffentlichen Raum in N\u00fcrnberg pr\u00e4sentiert \u2013 und das am geeignetsten Ort f\u00fcr diese Ausstellung: Mitten in der Stadt, am Bauzaun um die Lorenzkirche, in der der ber\u00fchmte \u201eEngelsgru\u00df\u201c von Veit Sto\u00df h\u00e4ngt.&nbsp;<\/p>\n\n\n\n<p>Dieser Ort der Ausstellung betont die Verbindung zwischen N\u00fcrnberg und Krakau, die im Leben von Veit Sto\u00df eine zentrale Rolle spielte: der K\u00fcnstler stammte aus N\u00fcrnberg, war in Krakau zu Ruhm und Reichtum gekommen und kehrte doch aus Heimweh nach N\u00fcrnberg zur\u00fcck.&nbsp;<\/p>\n\n\n\n<p>\u00dcber seinen Lebensweg und seine Werke wird in einem Vortrag am 1.10.2011 Dr. Thomas Eser, wissenschaftlicher Mitarbeiter des Germanischen Nationalmuseums erz\u00e4hlen. Andrzej Nowakowski, Autor der Fotoausstellung \u201eGlanz\u201c wird an demselben Abend das gerade eben erschienene gleichnamige Fotoalbum pr\u00e4sentieren. An diesem Abend werden auch die Gewinner eines Wettbewerbes ermittelt (Hauptpreis: ein Wochenende in Krakau f\u00fcr zwei).<br><\/p>\n\n\n\n<p><strong>Eine Veranstaltung des Kulturzentrums im Krakauer Haus\u00a0<\/strong><\/p>\n\n\n\n<p>Gef\u00f6rdert aus Mitteln der Stiftung f\u00fcr\u00a0\u00a0\u00a0\u00a0\u00a0\u00a0\u00a0<br>deutsch-polnische Zusammenarbeit<\/p>\n\n\n\n<figure class=\"wp-block-image\"><img decoding=\"async\" src=\"http:\/\/www.krakauer-haus.de\/old\/img\/tmp\/stiftung1.jpg\" alt=\"\"\/><\/figure>\n","protected":false},"excerpt":{"rendered":"<p>15 JAHRE KRAKAUER HAUS AB 16 SEPTEMBER\u00a0 \u00a0 Andrzej Nowakowski erhielt eine einmalige Chance das Veit Sto\u00df Altar in der Marienkirche in Krakau in Nahaufnahmen zu fotografieren. Mit Hilfe von [&hellip;]<\/p>\n","protected":false},"author":1,"featured_media":0,"comment_status":"closed","ping_status":"closed","sticky":false,"template":"","format":"standard","meta":{"_et_pb_use_builder":"off","_et_pb_old_content":"","_et_gb_content_width":"","_price":"","_stock":"","_tribe_ticket_header":"","_tribe_default_ticket_provider":"","_tribe_ticket_capacity":"0","_ticket_start_date":"","_ticket_end_date":"","_tribe_ticket_show_description":"","_tribe_ticket_show_not_going":false,"_tribe_ticket_use_global_stock":"","_tribe_ticket_global_stock_level":"","_global_stock_mode":"","_global_stock_cap":"","_tribe_rsvp_for_event":"","_tribe_ticket_going_count":"","_tribe_ticket_not_going_count":"","_tribe_tickets_list":"[]","_tribe_ticket_has_attendee_info_fields":false,"footnotes":""},"categories":[28],"tags":[],"class_list":["post-1925","post","type-post","status-publish","format-standard","hentry","category-ausstellung"],"_links":{"self":[{"href":"https:\/\/www.krakauer-haus.de\/kh-test\/index.php\/wp-json\/wp\/v2\/posts\/1925","targetHints":{"allow":["GET"]}}],"collection":[{"href":"https:\/\/www.krakauer-haus.de\/kh-test\/index.php\/wp-json\/wp\/v2\/posts"}],"about":[{"href":"https:\/\/www.krakauer-haus.de\/kh-test\/index.php\/wp-json\/wp\/v2\/types\/post"}],"author":[{"embeddable":true,"href":"https:\/\/www.krakauer-haus.de\/kh-test\/index.php\/wp-json\/wp\/v2\/users\/1"}],"replies":[{"embeddable":true,"href":"https:\/\/www.krakauer-haus.de\/kh-test\/index.php\/wp-json\/wp\/v2\/comments?post=1925"}],"version-history":[{"count":2,"href":"https:\/\/www.krakauer-haus.de\/kh-test\/index.php\/wp-json\/wp\/v2\/posts\/1925\/revisions"}],"predecessor-version":[{"id":1935,"href":"https:\/\/www.krakauer-haus.de\/kh-test\/index.php\/wp-json\/wp\/v2\/posts\/1925\/revisions\/1935"}],"wp:attachment":[{"href":"https:\/\/www.krakauer-haus.de\/kh-test\/index.php\/wp-json\/wp\/v2\/media?parent=1925"}],"wp:term":[{"taxonomy":"category","embeddable":true,"href":"https:\/\/www.krakauer-haus.de\/kh-test\/index.php\/wp-json\/wp\/v2\/categories?post=1925"},{"taxonomy":"post_tag","embeddable":true,"href":"https:\/\/www.krakauer-haus.de\/kh-test\/index.php\/wp-json\/wp\/v2\/tags?post=1925"}],"curies":[{"name":"wp","href":"https:\/\/api.w.org\/{rel}","templated":true}]}}