{"id":1569,"date":"2009-05-09T12:46:09","date_gmt":"2009-05-09T10:46:09","guid":{"rendered":"http:\/\/www.krakauer-haus.de\/?p=1569"},"modified":"2019-01-08T12:50:30","modified_gmt":"2019-01-08T11:50:30","slug":"gemeinsames-konzert-von-motion-trio-krakau-und-ensemble-kontraste","status":"publish","type":"post","link":"https:\/\/www.krakauer-haus.de\/kh-test\/index.php\/2009\/05\/09\/gemeinsames-konzert-von-motion-trio-krakau-und-ensemble-kontraste\/","title":{"rendered":"GEMEINSAMES KONZERT VON MOTION TRIO\/KRAKAU UND ENSEMBLE KONTRASTE"},"content":{"rendered":"<h2><span style=\"color: #6b6b6b;\">9 MAI | 17:30 UHR<\/span><\/h2>\n<p>\u00a0<\/p>\n\n\n<ul class=\"wp-block-gallery columns-3 is-cropped wp-block-gallery-1 is-layout-flex wp-block-gallery-is-layout-flex\"><li class=\"blocks-gallery-item\"><figure><img loading=\"lazy\" decoding=\"async\" width=\"375\" height=\"233\" src=\"http:\/\/www.krakauer-haus.de\/kh-test\/wp-content\/uploads\/2019\/01\/ensemble.jpg\" alt=\"\" data-id=\"1570\" data-link=\"http:\/\/www.krakauer-haus.de\/?attachment_id=1570\" class=\"wp-image-1570\" srcset=\"https:\/\/www.krakauer-haus.de\/kh-test\/wp-content\/uploads\/2019\/01\/ensemble.jpg 375w, https:\/\/www.krakauer-haus.de\/kh-test\/wp-content\/uploads\/2019\/01\/ensemble-300x186.jpg 300w\" sizes=\"(max-width: 375px) 100vw, 375px\" \/><figcaption>Photo: Iwona Lompart<\/figcaption><\/figure><\/li><li class=\"blocks-gallery-item\"><figure><img loading=\"lazy\" decoding=\"async\" width=\"600\" height=\"391\" src=\"http:\/\/www.krakauer-haus.de\/kh-test\/wp-content\/uploads\/2019\/01\/motion_ensemble4.jpg\" alt=\"\" data-id=\"1571\" data-link=\"http:\/\/www.krakauer-haus.de\/?attachment_id=1571\" class=\"wp-image-1571\" srcset=\"https:\/\/www.krakauer-haus.de\/kh-test\/wp-content\/uploads\/2019\/01\/motion_ensemble4.jpg 600w, https:\/\/www.krakauer-haus.de\/kh-test\/wp-content\/uploads\/2019\/01\/motion_ensemble4-300x196.jpg 300w\" sizes=\"(max-width: 600px) 100vw, 600px\" \/><figcaption>Foto: Jutta Missbach<\/figcaption><\/figure><\/li><li class=\"blocks-gallery-item\"><figure><img loading=\"lazy\" decoding=\"async\" width=\"300\" height=\"200\" src=\"http:\/\/www.krakauer-haus.de\/kh-test\/wp-content\/uploads\/2019\/01\/motion.jpg\" alt=\"\" data-id=\"1572\" data-link=\"http:\/\/www.krakauer-haus.de\/?attachment_id=1572\" class=\"wp-image-1572\"\/><\/figure><\/li><li class=\"blocks-gallery-item\"><figure><img loading=\"lazy\" decoding=\"async\" width=\"350\" height=\"233\" src=\"http:\/\/www.krakauer-haus.de\/kh-test\/wp-content\/uploads\/2019\/01\/motion2.jpg\" alt=\"\" data-id=\"1574\" data-link=\"http:\/\/www.krakauer-haus.de\/?attachment_id=1574\" class=\"wp-image-1574\" srcset=\"https:\/\/www.krakauer-haus.de\/kh-test\/wp-content\/uploads\/2019\/01\/motion2.jpg 350w, https:\/\/www.krakauer-haus.de\/kh-test\/wp-content\/uploads\/2019\/01\/motion2-300x200.jpg 300w\" sizes=\"(max-width: 350px) 100vw, 350px\" \/><figcaption>Foto: Jutta Missbach<\/figcaption><\/figure><\/li><\/ul>\n\n\n\n<p><strong>Motion Trio<\/strong>&nbsp;&#8211; ein Akkordeonistentrio, das 1996 durch Janusz Wojtarowicz, Leader und Autor von meisten Kompositionen, gegr\u00fcndet wurde. Ein au\u00dfergew\u00f6hnliches Ereignis auf dem Musikmarkt europa- und weltweit.&nbsp;<\/p>\n\n\n\n<p>Das&nbsp;<strong>ensembleKONTRASTE<\/strong>wurde 1990 in N\u00fcrnberg gegr\u00fcndet. Von Beginn an machte es durch die Kompromisslosigkeit seiner Programme und Interpretationen auf sich aufmerksam.&nbsp;<br><\/p>\n\n\n\n<p><strong>Motion Trio<\/strong><\/p>\n\n\n\n<p>Durch das Vorspielen eigener Musikst\u00fccke wandelt Motion Trio das Gesicht des Akkordeons um. Ihre Konzerte sind wie Vorf\u00fchrungen mit Handlung und Dramatik.<\/p>\n\n\n\n<p>Das Ensamble \u00fcberzeugt sowohl in Konzert- und Thteatersaalen, als auch w\u00e4hrend Klubkonzerten. In der Musik des Teams kann man Einfl\u00fcsse von mehreren Musikrichtungen finden (vom Rock, \u00fcber Jazz bis zur klassischen Musik).&nbsp;<\/p>\n\n\n\n<p><em>&#8222;Die scheinbar l\u00e4ngst durchschauten &#8222;Schifferklaviere&#8220; sprechen hier wirklich eine neue Sprache, lautmalerisch, sogar mit Akzenten v\u00f6llig anderer Instrumente. Um diese Vielfalt zu entwickeln, nutzen die souver\u00e4nen Musiker statt Computer-Tricks nur ihre Fingerfertigkeit und ihren kaum begrenzten Ideenreichtum. Ausgepr\u00e4gter Gestaltungswille, heimliche Zitierfreude und frappierende Stilsicherheit bestimmen das Repertoire des Trios.&#8220;<\/em><br>(FAZ)&nbsp;<\/p>\n\n\n\n<p>Trotz des jungen Alters, arbeitet Motion Trio mit vielen ausgezeichneten K\u00fcnstlern zusammen, wie Krzysztof Penderecki, Bobby McFerrin, Wojciech Kilar, Krzesimir Debski, Trilok Gurtu, Michal Urbaniak , Tomasz Stanko, WDR Rundfunkorchester K\u00f6ln, Deutsches Filmorchester Babelsberg,Sinfonietta Riga , Sinfonietta Cracovia, Rio de Janeiro Orquestra do Teatro Municipal. Sie sind Preistr\u00e4ger von Grand Prix des IV. Internationalen Wettbewerbes f\u00fcr Moderne Kammermusik namens Krzysztof Penderecki.<\/p>\n\n\n\n<p><strong>ensembleKONTRASTE<\/strong><\/p>\n\n\n\n<p>Die variablen Besetzungen erm\u00f6glichen die Auseinandersetzung mit Kammermusik unterschiedlichster Stilistik und Gattung.<br><br>Der 1992 er\u00f6ffneten N\u00fcrnberger Konzertreihe folgten Konzerte im In &#8211; und Ausland.<\/p>\n\n\n\n<p>Mittlerweile konzertierte eK in gro\u00dfen europ\u00e4ischen Zentren wie Wien, Krakau, Paris, Athen, M\u00fcnchen, Berlin, und erhielt Einladungen zu renommierten Festivals \u2013 Wiener Festwochen, Salzburger Festspiele, Schleswig Holstein Musikfestival, Ludwigsburger Schlossfestspiele, MDR Musiksommer, Janacek Festival Ostrava, Berlinale, M\u00fcnchener Filmfest, Festival international du film d`Arras, Fidena, Kultursommer Rheinland \u2013 Pfalz, Les Giboul\u00e9es de la Marionnette\/ Strasbourg, Imaginale.&nbsp;<\/p>\n\n\n\n<p>1999 erhielt eK den Wolfram-von-Eschenbach Preis, 2000 den F\u00f6rderpreis der Ernst-von-Siemens Kulturstiftung, 2004 den Kultur-F\u00f6rderpreis der Stadt N\u00fcrnberg und 2007 erhielt es den Friedrich-Baur Preis der Akademie der Sch\u00f6nen K\u00fcnste.&nbsp;<\/p>\n\n\n\n<p>In Verbindung mit verschiedenen deutschen Rundfunkanstalten (SWR, SFB, RB, SR) entstanden zahlreiche Rundfunkproduktionen, besonders eng ist die Zusammenarbeit mit dem Bayerischen Rundfunk.<\/p>\n\n\n\n<p><\/p>\n","protected":false},"excerpt":{"rendered":"<p>9 MAI | 17:30 UHR \u00a0 Motion Trio&nbsp;&#8211; ein Akkordeonistentrio, das 1996 durch Janusz Wojtarowicz, Leader und Autor von meisten Kompositionen, gegr\u00fcndet wurde. Ein au\u00dfergew\u00f6hnliches Ereignis auf dem Musikmarkt europa- [&hellip;]<\/p>\n","protected":false},"author":1,"featured_media":0,"comment_status":"closed","ping_status":"closed","sticky":false,"template":"","format":"standard","meta":{"_et_pb_use_builder":"off","_et_pb_old_content":"","_et_gb_content_width":"","_price":"","_stock":"","_tribe_ticket_header":"","_tribe_default_ticket_provider":"","_tribe_ticket_capacity":"0","_ticket_start_date":"","_ticket_end_date":"","_tribe_ticket_show_description":"","_tribe_ticket_show_not_going":false,"_tribe_ticket_use_global_stock":"","_tribe_ticket_global_stock_level":"","_global_stock_mode":"","_global_stock_cap":"","_tribe_rsvp_for_event":"","_tribe_ticket_going_count":"","_tribe_ticket_not_going_count":"","_tribe_tickets_list":"[]","_tribe_ticket_has_attendee_info_fields":false,"footnotes":""},"categories":[4],"tags":[],"class_list":["post-1569","post","type-post","status-publish","format-standard","hentry","category-konzert"],"_links":{"self":[{"href":"https:\/\/www.krakauer-haus.de\/kh-test\/index.php\/wp-json\/wp\/v2\/posts\/1569","targetHints":{"allow":["GET"]}}],"collection":[{"href":"https:\/\/www.krakauer-haus.de\/kh-test\/index.php\/wp-json\/wp\/v2\/posts"}],"about":[{"href":"https:\/\/www.krakauer-haus.de\/kh-test\/index.php\/wp-json\/wp\/v2\/types\/post"}],"author":[{"embeddable":true,"href":"https:\/\/www.krakauer-haus.de\/kh-test\/index.php\/wp-json\/wp\/v2\/users\/1"}],"replies":[{"embeddable":true,"href":"https:\/\/www.krakauer-haus.de\/kh-test\/index.php\/wp-json\/wp\/v2\/comments?post=1569"}],"version-history":[{"count":1,"href":"https:\/\/www.krakauer-haus.de\/kh-test\/index.php\/wp-json\/wp\/v2\/posts\/1569\/revisions"}],"predecessor-version":[{"id":1575,"href":"https:\/\/www.krakauer-haus.de\/kh-test\/index.php\/wp-json\/wp\/v2\/posts\/1569\/revisions\/1575"}],"wp:attachment":[{"href":"https:\/\/www.krakauer-haus.de\/kh-test\/index.php\/wp-json\/wp\/v2\/media?parent=1569"}],"wp:term":[{"taxonomy":"category","embeddable":true,"href":"https:\/\/www.krakauer-haus.de\/kh-test\/index.php\/wp-json\/wp\/v2\/categories?post=1569"},{"taxonomy":"post_tag","embeddable":true,"href":"https:\/\/www.krakauer-haus.de\/kh-test\/index.php\/wp-json\/wp\/v2\/tags?post=1569"}],"curies":[{"name":"wp","href":"https:\/\/api.w.org\/{rel}","templated":true}]}}