{"id":1407,"date":"2008-05-27T18:01:40","date_gmt":"2008-05-27T16:01:40","guid":{"rendered":"http:\/\/www.krakauer-haus.de\/?p=1407"},"modified":"2019-01-07T18:05:35","modified_gmt":"2019-01-07T17:05:35","slug":"vernissage-skulpturen-von-lena-hensel-krakau-und-simone-weik-nuernberg","status":"publish","type":"post","link":"https:\/\/www.krakauer-haus.de\/kh-test\/index.php\/2008\/05\/27\/vernissage-skulpturen-von-lena-hensel-krakau-und-simone-weik-nuernberg\/","title":{"rendered":"VERNISSAGE: SKULPTUREN VON LENA HENSEL (KRAKAU) UND SIMONE WEIK (N\u00dcRNBERG)"},"content":{"rendered":"<h2><span style=\"color: #6b6b6b;\">27 MAI | 20:00 UHR<\/span><\/h2>\n<p>\u00a0<\/p>\n\n\n<ul class=\"wp-block-gallery columns-3 is-cropped wp-block-gallery-1 is-layout-flex wp-block-gallery-is-layout-flex\"><li class=\"blocks-gallery-item\"><figure><img loading=\"lazy\" decoding=\"async\" width=\"400\" height=\"266\" src=\"http:\/\/www.krakauer-haus.de\/kh-test\/wp-content\/uploads\/2019\/01\/hensel.jpg\" alt=\"\" data-id=\"1408\" data-link=\"http:\/\/www.krakauer-haus.de\/?attachment_id=1408\" class=\"wp-image-1408\" srcset=\"https:\/\/www.krakauer-haus.de\/kh-test\/wp-content\/uploads\/2019\/01\/hensel.jpg 400w, https:\/\/www.krakauer-haus.de\/kh-test\/wp-content\/uploads\/2019\/01\/hensel-300x200.jpg 300w\" sizes=\"(max-width: 400px) 100vw, 400px\" \/><\/figure><\/li><li class=\"blocks-gallery-item\"><figure><img loading=\"lazy\" decoding=\"async\" width=\"300\" height=\"222\" src=\"http:\/\/www.krakauer-haus.de\/kh-test\/wp-content\/uploads\/2019\/01\/hensel1.jpg\" alt=\"\" data-id=\"1409\" data-link=\"http:\/\/www.krakauer-haus.de\/?attachment_id=1409\" class=\"wp-image-1409\"\/><\/figure><\/li><li class=\"blocks-gallery-item\"><figure><img loading=\"lazy\" decoding=\"async\" width=\"250\" height=\"153\" src=\"http:\/\/www.krakauer-haus.de\/kh-test\/wp-content\/uploads\/2019\/01\/weichsel.jpg\" alt=\"\" data-id=\"1410\" data-link=\"http:\/\/www.krakauer-haus.de\/?attachment_id=1410\" class=\"wp-image-1410\"\/><\/figure><\/li><li class=\"blocks-gallery-item\"><figure><img loading=\"lazy\" decoding=\"async\" width=\"400\" height=\"266\" src=\"http:\/\/www.krakauer-haus.de\/kh-test\/wp-content\/uploads\/2019\/01\/weik.jpg\" alt=\"\" data-id=\"1411\" data-link=\"http:\/\/www.krakauer-haus.de\/?attachment_id=1411\" class=\"wp-image-1411\" srcset=\"https:\/\/www.krakauer-haus.de\/kh-test\/wp-content\/uploads\/2019\/01\/weik.jpg 400w, https:\/\/www.krakauer-haus.de\/kh-test\/wp-content\/uploads\/2019\/01\/weik-300x200.jpg 300w\" sizes=\"(max-width: 400px) 100vw, 400px\" \/><\/figure><\/li><\/ul>\n\n\n\n<table class=\"wp-block-table\"><tbody><tr><td>\u00a0<strong>Die Ausstellung<\/strong>\u00a0der Skulpturen von Lena Hensel und Simone Weik hei\u00dft &#8222;we(i)chselweise&#8220; &#8211; weil die K\u00fcnstlerinnen abwechselnd in N\u00fcrnberg und Krakau zusammen gearbeitet haben &#8211; und weil Lena Hensel direkt an der Weichsel in Krakau lebt und arbeitet.\u00a0<strong>Zur Vernissage<\/strong>\u00a0am Di, 27.05 um 20.00 Uhr spricht Andreas Fecht, Kunsthistoriker aus Berlin.\u00a0<\/td><\/tr><tr><td>Lena Hensel,&nbsp;1980 in Berlin geboren, studierte Bildhauerei an den Kunstakademien in N\u00fcrnberg und Krakau. Die seit 2004 in Krakau lebende K\u00fcnstlerin organisierte dort ein deutsch-polnisches Bildhauersymposium f\u00fcr Eisenguss, an dem auch Simone Weik teilnahm.&nbsp;<br>Mit minimalistischen Eingriffen ins Erscheinungsbild realer Objekte schafft Lena Hensel Zwitterobjekte, die erkennbarer Teil unserer Wirklichkeit sind, aber durch die Bearbeitung der K\u00fcnstlerin zu neuartigen Wesen werden; die einzeln geschaffenen Elemente treten dann meist in Gruppen bzw. Schwarminstallationen auf, entwickeln aber ihre innere Dynamik durch die Verschiedenheit der einzelnen Charaktere.&nbsp;<\/td><\/tr><tr><\/tr><tr><td><strong>Simone Weik<\/strong>\u00a0, 1975 in Biberach an der Riss geboren, studierte Bildhauerei an der N\u00fcrnberger Akademie der Bildenden K\u00fcnste bei Prof. Christian H\u00f6pfner und Bernd St\u00f6cker. Sie modelliert Figuren und K\u00f6pfe in Gips oder Ton. Ausgangspunkt daf\u00fcr sind meist Personen aus dem n\u00e4heren Umfeld. Die in der Ausstellung gezeigten Eiseng\u00fcsse sind an der AGH in Krakau entstanden.\u00a0\u00a0<br><br>Ausstellung bis 15.06\u00a0<br><br><\/td><\/tr><tr><\/tr><tr><td>F\u00fcr die Blaue Nacht hat Lena Hensel eine Rauminstallation unter dem Titel \u201eDer Schwarm\u201c entwickelt<\/td><\/tr><\/tbody><\/table>\n\n\n\n<p><br><\/p>\n\n\n\n<p><\/p>\n\n\n\n<p><br><\/p>\n","protected":false},"excerpt":{"rendered":"<p>27 MAI | 20:00 UHR \u00a0 \u00a0Die Ausstellung\u00a0der Skulpturen von Lena Hensel und Simone Weik hei\u00dft &#8222;we(i)chselweise&#8220; &#8211; weil die K\u00fcnstlerinnen abwechselnd in N\u00fcrnberg und Krakau zusammen gearbeitet haben &#8211; [&hellip;]<\/p>\n","protected":false},"author":1,"featured_media":0,"comment_status":"closed","ping_status":"closed","sticky":false,"template":"","format":"standard","meta":{"_et_pb_use_builder":"off","_et_pb_old_content":"","_et_gb_content_width":"","_price":"","_stock":"","_tribe_ticket_header":"","_tribe_default_ticket_provider":"","_tribe_ticket_capacity":"0","_ticket_start_date":"","_ticket_end_date":"","_tribe_ticket_show_description":"","_tribe_ticket_show_not_going":false,"_tribe_ticket_use_global_stock":"","_tribe_ticket_global_stock_level":"","_global_stock_mode":"","_global_stock_cap":"","_tribe_rsvp_for_event":"","_tribe_ticket_going_count":"","_tribe_ticket_not_going_count":"","_tribe_tickets_list":"[]","_tribe_ticket_has_attendee_info_fields":false,"footnotes":""},"categories":[7],"tags":[],"class_list":["post-1407","post","type-post","status-publish","format-standard","hentry","category-vernissage"],"_links":{"self":[{"href":"https:\/\/www.krakauer-haus.de\/kh-test\/index.php\/wp-json\/wp\/v2\/posts\/1407","targetHints":{"allow":["GET"]}}],"collection":[{"href":"https:\/\/www.krakauer-haus.de\/kh-test\/index.php\/wp-json\/wp\/v2\/posts"}],"about":[{"href":"https:\/\/www.krakauer-haus.de\/kh-test\/index.php\/wp-json\/wp\/v2\/types\/post"}],"author":[{"embeddable":true,"href":"https:\/\/www.krakauer-haus.de\/kh-test\/index.php\/wp-json\/wp\/v2\/users\/1"}],"replies":[{"embeddable":true,"href":"https:\/\/www.krakauer-haus.de\/kh-test\/index.php\/wp-json\/wp\/v2\/comments?post=1407"}],"version-history":[{"count":1,"href":"https:\/\/www.krakauer-haus.de\/kh-test\/index.php\/wp-json\/wp\/v2\/posts\/1407\/revisions"}],"predecessor-version":[{"id":1412,"href":"https:\/\/www.krakauer-haus.de\/kh-test\/index.php\/wp-json\/wp\/v2\/posts\/1407\/revisions\/1412"}],"wp:attachment":[{"href":"https:\/\/www.krakauer-haus.de\/kh-test\/index.php\/wp-json\/wp\/v2\/media?parent=1407"}],"wp:term":[{"taxonomy":"category","embeddable":true,"href":"https:\/\/www.krakauer-haus.de\/kh-test\/index.php\/wp-json\/wp\/v2\/categories?post=1407"},{"taxonomy":"post_tag","embeddable":true,"href":"https:\/\/www.krakauer-haus.de\/kh-test\/index.php\/wp-json\/wp\/v2\/tags?post=1407"}],"curies":[{"name":"wp","href":"https:\/\/api.w.org\/{rel}","templated":true}]}}