{"id":11647,"date":"2025-07-19T22:34:01","date_gmt":"2025-07-19T20:34:01","guid":{"rendered":"https:\/\/www.krakauer-haus.de\/kh-test\/?p=11647"},"modified":"2025-08-06T16:05:56","modified_gmt":"2025-08-06T14:05:56","slug":"prozession-iwona-demko","status":"publish","type":"post","link":"https:\/\/www.krakauer-haus.de\/kh-test\/index.php\/2025\/07\/19\/prozession-iwona-demko\/","title":{"rendered":"PROZESSION &#8211; IWONA DEMKO"},"content":{"rendered":"<p>[et_pb_section fb_built=&#8220;1&#8243; _builder_version=&#8220;4.25.0&#8243; _module_preset=&#8220;default&#8220; global_colors_info=&#8220;{}&#8220;][et_pb_row _builder_version=&#8220;4.25.0&#8243; _module_preset=&#8220;default&#8220; global_colors_info=&#8220;{}&#8220;][et_pb_column type=&#8220;4_4&#8243; _builder_version=&#8220;4.25.0&#8243; _module_preset=&#8220;default&#8220; global_colors_info=&#8220;{}&#8220;][et_pb_text _builder_version=&#8220;4.27.4&#8243; _module_preset=&#8220;default&#8220; global_colors_info=&#8220;{}&#8220;]<\/p>\n<h1 class=\"block-stage__content__title\" style=\"text-align: center;\"><span style=\"color: #008080;\">PERFORMANCE<\/span><\/h1>\n<h1 class=\"block-stage__content__title\" style=\"text-align: center;\"><span style=\"color: #008080;\"><br \/>in Zusammenarbeit mit dem Festival texttage.nuernberg und der Buchhandlung Jakob<\/span><span style=\"font-size: 16px;\">\u00a0<\/span><\/h1>\n<p>[\/et_pb_text][et_pb_gallery _builder_version=&#8220;4.27.4&#8243; _module_preset=&#8220;default&#8220; gallery_ids=&#8220;11865,11879,11884,11878,11885,11877,11868,11876,11875,11874,11873,11871,11870,11869,11867,11866&#8243; fullwidth=&#8220;on&#8220; auto=&#8220;on&#8220; auto_speed=&#8220;2000&#8243; hover_enabled=&#8220;0&#8243; sticky_enabled=&#8220;0&#8243;][\/et_pb_gallery][\/et_pb_column][\/et_pb_row][et_pb_row _builder_version=&#8220;4.25.0&#8243; _module_preset=&#8220;default&#8220; global_colors_info=&#8220;{}&#8220;][et_pb_column type=&#8220;4_4&#8243; _builder_version=&#8220;4.25.0&#8243; _module_preset=&#8220;default&#8220; global_colors_info=&#8220;{}&#8220;][et_pb_text _builder_version=&#8220;4.27.4&#8243; _module_preset=&#8220;default&#8220; hover_enabled=&#8220;0&#8243; global_colors_info=&#8220;{}&#8220; sticky_enabled=&#8220;0&#8243;]<\/p>\n<p><span style=\"color: #999999;\">Foto: Khrystyna Jalowa<\/span><\/p>\n<p>[\/et_pb_text][et_pb_text _builder_version=&#8220;4.27.4&#8243; _module_preset=&#8220;default&#8220; global_colors_info=&#8220;{}&#8220;]<\/p>\n<h4 data-start=\"70\" data-end=\"181\" style=\"text-align: center;\"><span style=\"color: #008080;\"><strong data-start=\"70\" data-end=\"181\">Herzliche Einladung zum Feiern <\/strong><\/span><\/h4>\n<h4 data-start=\"70\" data-end=\"181\" style=\"text-align: center;\"><span style=\"color: #008080;\"><strong data-start=\"70\" data-end=\"181\">des Lebens, der Fruchtbarkeit, der Kreativit\u00e4t, <\/strong><\/span><\/h4>\n<h4 data-start=\"70\" data-end=\"181\" style=\"text-align: center;\"><span style=\"color: #008080;\"><strong data-start=\"70\" data-end=\"181\">des Schaffens und der Liebe!<\/strong><\/span><\/h4>\n<p><span style=\"color: #008080;\"><strong data-start=\"70\" data-end=\"181\"><\/strong><\/span><\/p>\n<p data-start=\"183\" data-end=\"522\"><strong>Am 12. Juli um 17:30 Uhr starten wir vor dem Krakauer Haus<\/strong> mit einer kraftvollen Performance der K\u00fcnstlerin Iwona Demko \u2013 ein feministischer Umzug, der das Weibliche sichtbar macht und w\u00fcrdigt. Gemeinsam ziehen wir \u00fcber den Hans-Sachs-Platz weiter zum Festivalgel\u00e4nde von <em data-start=\"455\" data-end=\"475\">texttage.nuernberg<\/em> und erreichen schlie\u00dflich die Katharinenruine.<\/p>\n<p data-start=\"524\" data-end=\"838\" style=\"text-align: left;\">Dort treffen wir auf <strong data-start=\"545\" data-end=\"561\">Mithu Sanyal<\/strong>, Kulturwissenschaftlerin und Autorin des Buches <em data-start=\"610\" data-end=\"664\">\u201eVulva. Die Enth\u00fcllung des unsichtbaren Geschlechts\u201c<\/em>, in dem sie auch auf die Arbeit von Iwona Demko Bezug nimmt. Ein besonderer Moment des Dialogs und der Verbindung zwischen k\u00fcnstlerischer Aktion und literarischer Reflexion.<\/p>\n<p><a href=\"https:\/\/texttage.nuernberg.de\/meisterklassen\/2025\/mithu-sanyal\" target=\"_blank\" rel=\"noopener\"><\/a><\/p>\n<p data-start=\"524\" data-end=\"838\" style=\"text-align: right;\"><a href=\"https:\/\/texttage.nuernberg.de\/meisterklassen\/2025\/mithu-sanyal\" target=\"_blank\" rel=\"noopener\">\u2192 Lesung und Workshop mit Mithu Sanyal<\/a><\/p>\n<p>[\/et_pb_text][\/et_pb_column][\/et_pb_row][et_pb_row _builder_version=&#8220;4.25.0&#8243; _module_preset=&#8220;default&#8220; global_colors_info=&#8220;{}&#8220;][et_pb_column type=&#8220;4_4&#8243; _builder_version=&#8220;4.25.0&#8243; _module_preset=&#8220;default&#8220; global_colors_info=&#8220;{}&#8220;][et_pb_text _builder_version=&#8220;4.27.4&#8243; _module_preset=&#8220;default&#8220; global_colors_info=&#8220;{}&#8220;]<\/p>\n<p data-start=\"0\" data-end=\"305\" style=\"text-align: center;\"><strong>Unsere Vorfahren haben sie vor Tausenden von Jahren auf Alt\u00e4re erhoben und als Tor zum Leben verehrt \u2013 als Ursprung eines jeden Menschen. Sie galt als Ort der Kraft, der Schutz und Segen spendete. Man trug sie als Amulett, stellte sie in Skulpturen und Zeichnungen dar.<\/strong><br \/><strong>Fr\u00fcher war die Vagina heilig&#8230;<\/strong><\/p>\n<p data-start=\"307\" data-end=\"576\" style=\"text-align: center;\"><strong>In Europa haben wir ihre Besonderheit erst vor weniger als tausend Jahren vergessen.<\/strong><br data-start=\"391\" data-end=\"394\" \/><strong>Was einst ein respektierter und heiliger Ort war, wurde zu etwas Besch\u00e4mendem und Verachtenswertem \u2013 etwas, das verborgen werden sollte. Viele von uns denken bis heute so \u00fcber sie.<\/strong><\/p>\n<p data-start=\"578\" data-end=\"800\" style=\"text-align: center;\"><strong>Die Art und Weise, wie eine Kultur mit der Vagina umgeht \u2013 mit Respekt oder Missachtung, mit Z\u00e4rtlichkeit oder Ablehnung \u2013 ist eine Metapher f\u00fcr den Umgang mit Frauen in einem bestimmten Ort und zu einer bestimmten Zeit.<\/strong><\/p>\n<p data-start=\"802\" data-end=\"812\" data-is-last-node=\"\" data-is-only-node=\"\" style=\"text-align: right;\">\/ Naomi Wolf<\/p>\n<h1 style=\"text-align: center;\"><\/h1>\n<p>[\/et_pb_text][\/et_pb_column][\/et_pb_row][\/et_pb_section][et_pb_section fb_built=&#8220;1&#8243; disabled_on=&#8220;off|off|off&#8220; _builder_version=&#8220;4.26.0&#8243; _module_preset=&#8220;default&#8220; global_colors_info=&#8220;{}&#8220;][et_pb_row _builder_version=&#8220;4.26.0&#8243; _module_preset=&#8220;default&#8220; global_colors_info=&#8220;{}&#8220;][et_pb_column type=&#8220;4_4&#8243; _builder_version=&#8220;4.26.0&#8243; _module_preset=&#8220;default&#8220; global_colors_info=&#8220;{}&#8220;][et_pb_button button_url=&#8220;https:\/\/www.krakauer-haus.de\/kh-test\/wp-content\/uploads\/2025\/06\/FLYERdina6.pdf&#8220; url_new_window=&#8220;on&#8220; button_text=&#8220;Flyer&#8220; button_alignment=&#8220;center&#8220; _builder_version=&#8220;4.27.4&#8243; _module_preset=&#8220;default&#8220; global_colors_info=&#8220;{}&#8220;][\/et_pb_button][\/et_pb_column][\/et_pb_row][\/et_pb_section][et_pb_section fb_built=&#8220;1&#8243; _builder_version=&#8220;4.27.4&#8243; _module_preset=&#8220;default&#8220; global_colors_info=&#8220;{}&#8220;][et_pb_row _builder_version=&#8220;4.27.4&#8243; _module_preset=&#8220;default&#8220; global_colors_info=&#8220;{}&#8220;][et_pb_column type=&#8220;4_4&#8243; _builder_version=&#8220;4.27.4&#8243; _module_preset=&#8220;default&#8220; global_colors_info=&#8220;{}&#8220;][et_pb_image src=&#8220;https:\/\/www.krakauer-haus.de\/kh-test\/wp-content\/uploads\/2025\/06\/PLAKAT_diA1-IwonaDemko-1-scaled.jpg&#8220; title_text=&#8220;PLAKAT_diA1 IwonaDemko&#8220; _builder_version=&#8220;4.27.4&#8243; _module_preset=&#8220;default&#8220; global_colors_info=&#8220;{}&#8220;][\/et_pb_image][\/et_pb_column][\/et_pb_row][\/et_pb_section][et_pb_section fb_built=&#8220;1&#8243; _builder_version=&#8220;4.25.2&#8243; _module_preset=&#8220;default&#8220; global_colors_info=&#8220;{}&#8220;][et_pb_row column_structure=&#8220;3_5,2_5&#8243; _builder_version=&#8220;4.25.2&#8243; _module_preset=&#8220;default&#8220; global_colors_info=&#8220;{}&#8220;][et_pb_column type=&#8220;3_5&#8243; _builder_version=&#8220;4.25.2&#8243; _module_preset=&#8220;default&#8220; global_colors_info=&#8220;{}&#8220;][et_pb_text _builder_version=&#8220;4.27.4&#8243; _module_preset=&#8220;default&#8220; global_colors_info=&#8220;{}&#8220;]<\/p>\n<p data-start=\"89\" data-end=\"820\"><strong data-start=\"89\" data-end=\"131\">Iwona Demko- ein M\u00e4dchen aus den Bieszczady-Bergen.<\/strong><br data-start=\"131\" data-end=\"134\" \/>Geboren am 7. August 1974 in Sanok \u2013 exakt 66 Jahre nach der Entdeckung der Venus von Willendorf.<br data-start=\"231\" data-end=\"234\" \/>Absolventin der Fakult\u00e4t f\u00fcr Bildhauerei an der Akademie der Bildenden K\u00fcnste in Krakau, wo sie heute \u2013 viele Jahre sp\u00e4ter \u2013 als Professorin mit dem Titel Dr. habil. unterrichtet.<br data-start=\"413\" data-end=\"416\" \/>Ihre Werke wurden in \u00fcber 180 Ausstellungen gezeigt.<br data-start=\"468\" data-end=\"471\" \/>Sie ist Mitorganisatorin feministischer Ausstellungen im N\u00fcrnberger Haus in Krakau, die sie regelm\u00e4\u00dfig am 8. M\u00e4rz gemeinsam mit Renata Kopyto kuratiert \u2013 darunter: <em data-start=\"636\" data-end=\"666\">\u201eKrz\u0105taczki\u201c (Die Wuselnden)<\/em>, <em data-start=\"668\" data-end=\"699\">\u201eGastronomki\u201c (Die Kochenden)<\/em>, <em data-start=\"701\" data-end=\"736\">\u201eDecydentki\u201c (Die Entscheidenden)<\/em>, <em data-start=\"738\" data-end=\"769\">\u201eCia\u0142aczki\u201c (Die K\u00f6rperinnen)<\/em> sowie <em data-start=\"776\" data-end=\"817\">\u201eHERstoria sztuki\u201c (HERstory der Kunst)<\/em>.<\/p>\n<p data-start=\"822\" data-end=\"1300\">Sie widmet sich insbesondere der Sichtbarmachung vergessener Frauenfiguren wie Lou Andreas-Salom\u00e9 (<em data-start=\"921\" data-end=\"1006\">\u201eScharfsinnig wie ein Adler, mutig wie ein L\u00f6we. Die Unkorrekte Lou Andreas-Salom\u00e9\u201c<\/em>, 2018), Else von Freytag-Loringhoven (<em data-start=\"1045\" data-end=\"1086\">\u201eLady Dada. Baronessa Elsa von Freytag\u201c<\/em>, 2020) und Gerda Taro (<em data-start=\"1110\" data-end=\"1163\">\u201eKrieg, Revolution, Protest im weiblichen Objektiv\u201c<\/em>, 2021).<br data-start=\"1171\" data-end=\"1174\" \/>Sie konzipierte au\u00dferdem Ausstellungen wie <em data-start=\"1217\" data-end=\"1265\">\u201e200 Jahre Akademie, 100 Jahre Frauenakademie\u201c<\/em> und <em data-start=\"1270\" data-end=\"1297\">\u201eDas weibliche Reservoir\u201c<\/em>.<\/p>\n<p data-start=\"1302\" data-end=\"1710\">Sie initiierte und organisierte das Projekt <em data-start=\"1346\" data-end=\"1380\">\u201eDas Jahr der Frauen an der ASP\u201c<\/em> \u2013 eine Jubil\u00e4umsveranstaltung zur 100-j\u00e4hrigen Pr\u00e4senz von Frauen an der Kunstakademie in Krakau.<br data-start=\"1478\" data-end=\"1481\" \/>Als Forscherin besch\u00e4ftigt sie sich mit der Geschichte der ersten Studentinnen der ASP.<br data-start=\"1568\" data-end=\"1571\" \/>Sie ist Autorin einer Monografie \u00fcber Zofia Baltarowicz-Dzieli\u0144ska, die 1917 als erste Frau ihr Studium an der Akademie in Krakau begann.<\/p>\n<p data-start=\"1712\" data-end=\"2538\">2019 erhielt sie ein Forschungsstipendium des polnischen Kulturministeriums zur Fortsetzung ihrer Arbeit \u00fcber die Pionierinnen an der ASP.<br data-start=\"1850\" data-end=\"1853\" \/>2021 wurde sie mit dem Sonderpreis <em data-start=\"1888\" data-end=\"1933\">Maria Anto und Elsa von Freytag-Loringhoven<\/em> ausgezeichnet \u2013 f\u00fcr ihren Einsatz zur Sichtbarkeit von Frauen in Bildung und Kultur.<br data-start=\"2018\" data-end=\"2021\" \/>Im selben Jahr erschien unter ihrer Mitredaktion (mit Jacek Dembosz) die partizipative Publikation <em data-start=\"2120\" data-end=\"2153\">\u201eKobiety. Wspominaj\u0105c Akademi\u0119\u201c<\/em> (\u201eFrauen. Erinnerungen an die Akademie\u201c), ein Kooperationsprojekt mit 94 Beteiligten, das in 46 Interviews mit K\u00fcnstlerinnen und Mitarbeiterinnen der ASP m\u00fcndete.<br data-start=\"2316\" data-end=\"2319\" \/>Von Oktober 2021 bis Mai 2022 produzierte sie gemeinsam mit Patrycja Bochenek die Podcast-Reihe <em data-start=\"2415\" data-end=\"2467\" data-is-only-node=\"\">\u201eWie viele gro\u00dfe K\u00fcnstlerinnen gab es eigentlich?\u201c<\/em> beim Radio Kapita\u0142 \u2013 \u00fcber ihre gemeinsamen Recherchen und Archivfunde.<\/p>\n<p>[\/et_pb_text][\/et_pb_column][et_pb_column type=&#8220;2_5&#8243; _builder_version=&#8220;4.25.2&#8243; _module_preset=&#8220;default&#8220; global_colors_info=&#8220;{}&#8220;][et_pb_image src=&#8220;https:\/\/www.krakauer-haus.de\/kh-test\/wp-content\/uploads\/2025\/05\/Iwona-Demko-Portrait.jpg&#8220; title_text=&#8220;Iwona Demko, Portrait&#8220; _builder_version=&#8220;4.27.4&#8243; _module_preset=&#8220;default&#8220; global_colors_info=&#8220;{}&#8220;][\/et_pb_image][et_pb_image src=&#8220;https:\/\/www.krakauer-haus.de\/kh-test\/wp-content\/uploads\/2025\/08\/IMG_1287-scaled.jpg&#8220; _builder_version=&#8220;4.27.4&#8243; _module_preset=&#8220;default&#8220; title_text=&#8220;IMG_1287&#8243; hover_enabled=&#8220;0&#8243; sticky_enabled=&#8220;0&#8243;][\/et_pb_image][et_pb_image src=&#8220;https:\/\/www.krakauer-haus.de\/kh-test\/wp-content\/uploads\/2025\/08\/IMG_0892-scaled.jpg&#8220; _builder_version=&#8220;4.27.4&#8243; _module_preset=&#8220;default&#8220; title_text=&#8220;IMG_0892&#8243; hover_enabled=&#8220;0&#8243; sticky_enabled=&#8220;0&#8243;][\/et_pb_image][\/et_pb_column][\/et_pb_row][\/et_pb_section]<\/p>\n","protected":false},"excerpt":{"rendered":"<p>12. JULI<br \/>\nKATHARINIEN RUINE &#8211; BUCHHANDLUNG Jakob &#8211; KRAKAUER HAUS <\/p>\n","protected":false},"author":2,"featured_media":11648,"comment_status":"closed","ping_status":"closed","sticky":false,"template":"","format":"aside","meta":{"_et_pb_use_builder":"on","_et_pb_old_content":"","_et_gb_content_width":"","_price":"","_stock":"","_tribe_ticket_header":"","_tribe_default_ticket_provider":"","_tribe_ticket_capacity":"0","_ticket_start_date":"","_ticket_end_date":"","_tribe_ticket_show_description":"","_tribe_ticket_show_not_going":false,"_tribe_ticket_use_global_stock":"","_tribe_ticket_global_stock_level":"","_global_stock_mode":"","_global_stock_cap":"","_tribe_rsvp_for_event":"","_tribe_ticket_going_count":"","_tribe_ticket_not_going_count":"","_tribe_tickets_list":"[]","_tribe_ticket_has_attendee_info_fields":false,"footnotes":""},"categories":[64],"tags":[],"class_list":["post-11647","post","type-post","status-publish","format-aside","has-post-thumbnail","hentry","category-performance","post_format-post-format-aside"],"_links":{"self":[{"href":"https:\/\/www.krakauer-haus.de\/kh-test\/index.php\/wp-json\/wp\/v2\/posts\/11647","targetHints":{"allow":["GET"]}}],"collection":[{"href":"https:\/\/www.krakauer-haus.de\/kh-test\/index.php\/wp-json\/wp\/v2\/posts"}],"about":[{"href":"https:\/\/www.krakauer-haus.de\/kh-test\/index.php\/wp-json\/wp\/v2\/types\/post"}],"author":[{"embeddable":true,"href":"https:\/\/www.krakauer-haus.de\/kh-test\/index.php\/wp-json\/wp\/v2\/users\/2"}],"replies":[{"embeddable":true,"href":"https:\/\/www.krakauer-haus.de\/kh-test\/index.php\/wp-json\/wp\/v2\/comments?post=11647"}],"version-history":[{"count":20,"href":"https:\/\/www.krakauer-haus.de\/kh-test\/index.php\/wp-json\/wp\/v2\/posts\/11647\/revisions"}],"predecessor-version":[{"id":11886,"href":"https:\/\/www.krakauer-haus.de\/kh-test\/index.php\/wp-json\/wp\/v2\/posts\/11647\/revisions\/11886"}],"wp:featuredmedia":[{"embeddable":true,"href":"https:\/\/www.krakauer-haus.de\/kh-test\/index.php\/wp-json\/wp\/v2\/media\/11648"}],"wp:attachment":[{"href":"https:\/\/www.krakauer-haus.de\/kh-test\/index.php\/wp-json\/wp\/v2\/media?parent=11647"}],"wp:term":[{"taxonomy":"category","embeddable":true,"href":"https:\/\/www.krakauer-haus.de\/kh-test\/index.php\/wp-json\/wp\/v2\/categories?post=11647"},{"taxonomy":"post_tag","embeddable":true,"href":"https:\/\/www.krakauer-haus.de\/kh-test\/index.php\/wp-json\/wp\/v2\/tags?post=11647"}],"curies":[{"name":"wp","href":"https:\/\/api.w.org\/{rel}","templated":true}]}}