{"id":10665,"date":"2024-06-24T22:50:46","date_gmt":"2024-06-24T20:50:46","guid":{"rendered":"https:\/\/www.krakauer-haus.de\/kh-test\/?p=10665"},"modified":"2024-07-04T21:20:11","modified_gmt":"2024-07-04T19:20:11","slug":"nebeliger-billy-kindertheater","status":"publish","type":"post","link":"https:\/\/www.krakauer-haus.de\/kh-test\/index.php\/2024\/06\/24\/nebeliger-billy-kindertheater\/","title":{"rendered":"Billy Fog &#8211; KINDERTHEATER ab 10 Jahre"},"content":{"rendered":"<p>[et_pb_section fb_built=&#8220;1&#8243; _builder_version=&#8220;4.25.0&#8243; _module_preset=&#8220;default&#8220; locked=&#8220;off&#8220; global_colors_info=&#8220;{}&#8220;][et_pb_row _builder_version=&#8220;4.25.0&#8243; _module_preset=&#8220;default&#8220; global_colors_info=&#8220;{}&#8220;][et_pb_column type=&#8220;4_4&#8243; _builder_version=&#8220;4.25.0&#8243; _module_preset=&#8220;default&#8220; global_colors_info=&#8220;{}&#8220;][et_pb_text _builder_version=&#8220;4.26.0&#8243; _module_preset=&#8220;default&#8220; header_text_color=&#8220;#096d9b&#8220; header_2_letter_spacing=&#8220;1px&#8220; header_2_line_height=&#8220;1.1em&#8220; hover_enabled=&#8220;0&#8243; locked=&#8220;off&#8220; global_colors_info=&#8220;{}&#8220; sticky_enabled=&#8220;0&#8243;]<\/p>\n<h1 style=\"text-align: center;\"><span style=\"color: #008080;\">NEBELIGER BILLY<\/span><\/h1>\n<p><span style=\"color: #008080;\"><\/span><\/p>\n<p><span style=\"color: #993366;\"><strong><\/strong><\/span><\/p>\n<h2><span style=\"color: #008080;\">21.07.2024 Sonnstag \/\/ 16 Uhr<\/span><span style=\"color: #008080;\"><\/span><\/h2>\n<h2 style=\"text-align: left;\"><span style=\"color: #008080;\">Gastspiel des teatr figur krak\u00f3w<\/span><\/h2>\n<p><span style=\"color: #800080;\"><\/span><\/p>\n<p style=\"text-align: center;\"><strong><span style=\"color: #800080;\">THEATER PF\u00dcTZE<br \/>\u00c4u\u00dferer Laufer Platz 22<br \/>90403 N\u00fcrnberg<\/span><\/strong><\/p>\n<p style=\"text-align: center;\"><strong><span style=\"color: #800080;\"><a style=\"color: #800080;\" href=\"https:\/\/www.reservix.de\/tickets-billy-fog-10-gastspiel-des-teatr-figur-krakw-in-nuernberg-sebalder-hoefe-theater-pfuetze-am-21-7-2024\/e2252132\" target=\"_blank\" rel=\"noopener\">TICKETS: HIER<\/a><br \/><a href=\"tel:0911270790\" style=\"color: #800080;\">0911 \u2013\u00a027\u00a007\u00a090<\/a><\/span><\/strong><\/p>\n<p>[\/et_pb_text][\/et_pb_column][\/et_pb_row][et_pb_row _builder_version=&#8220;4.25.2&#8243; _module_preset=&#8220;default&#8220; global_colors_info=&#8220;{}&#8220;][et_pb_column type=&#8220;4_4&#8243; _builder_version=&#8220;4.25.2&#8243; _module_preset=&#8220;default&#8220; global_colors_info=&#8220;{}&#8220;][et_pb_button button_url=&#8220;https:\/\/www.reservix.de\/tickets-billy-fog-10-gastspiel-des-teatr-figur-krakw-in-nuernberg-sebalder-hoefe-theater-pfuetze-am-21-7-2024\/e2252132&#8243; button_text=&#8220;TICKETS&#8220; button_alignment=&#8220;center&#8220; _builder_version=&#8220;4.25.2&#8243; _module_preset=&#8220;default&#8220; custom_button=&#8220;on&#8220; button_text_color=&#8220;#5524DB&#8220; button_bg_color=&#8220;#EDF000&#8243; button_border_width=&#8220;0px&#8220; button_border_radius=&#8220;15px&#8220; animation_style=&#8220;bounce&#8220; global_colors_info=&#8220;{}&#8220;][\/et_pb_button][\/et_pb_column][\/et_pb_row][\/et_pb_section][et_pb_section fb_built=&#8220;1&#8243; _builder_version=&#8220;4.25.0&#8243; _module_preset=&#8220;default&#8220; global_colors_info=&#8220;{}&#8220;][et_pb_row _builder_version=&#8220;4.25.0&#8243; _module_preset=&#8220;default&#8220; global_colors_info=&#8220;{}&#8220;][et_pb_column type=&#8220;4_4&#8243; _builder_version=&#8220;4.25.0&#8243; _module_preset=&#8220;default&#8220; global_colors_info=&#8220;{}&#8220;][et_pb_image src=&#8220;https:\/\/www.krakauer-haus.de\/kh-test\/wp-content\/uploads\/2024\/06\/billy-rodzice-foto-dorota-halberda-min-scaled.jpg&#8220; title_text=&#8220;billy rodzice foto dorota halberda-min&#8220; _builder_version=&#8220;4.25.0&#8243; _module_preset=&#8220;default&#8220; global_colors_info=&#8220;{}&#8220;][\/et_pb_image][et_pb_text _builder_version=&#8220;4.26.0&#8243; _module_preset=&#8220;default&#8220; hover_enabled=&#8220;0&#8243; global_colors_info=&#8220;{}&#8220; sticky_enabled=&#8220;0&#8243;]<\/p>\n<p><strong><span>* Figuren-Schattentheater des teatr figur krak\u00f3w zu Gast im theater pf\u00fctze<\/span><br \/><span>* ab 10 Jahren<\/span><\/strong><strong><\/strong><\/p>\n<div class=\"c-ticket-fan__headline-wrapper\">\n<h1 class=\"h2 c-ticket-fan__headline\"><\/h1>\n<\/div>\n<h1 style=\"text-align: center;\"><strong>NEBELIGER BILLY<\/strong><\/h1>\n<p>&nbsp;<\/p>\n<p>Man nennt ihn Nebeliger Billy. Er liebt Einsamkeit, Nacht, Regen und Melancholie. Er hat Spa\u00df daran, seiner j\u00fcngeren Schwester Jane Streiche zu spielen und Ameisen in Schokoladenspeichel zu ertr\u00e4nken. Er ist nicht b\u00f6se, er \u201ehat einfach Charakter\u201c. Und er hat eine besondere Gabe \u2013 die Gabe der Dunkelsicht. Fr\u00fcher hatte er auch eine Katze namens Tarzan, die sein bester Freund war. Eines Tages fand er sie steif im Garten.<\/p>\n<p>&nbsp;<\/p>\n<p>Was passiert mit der Katzenseele nach dem Tod? Und vor allem \u2013 was ist der Tod? Und m\u00fcssen wir alle dorthin gehen?<\/p>\n<p>&nbsp;<\/p>\n<p>Ein Schattentheaterst\u00fcck f\u00fcr alle, die zehn Jahre alt sind oder einmal waren, die vielleicht eine Katze, einen Hamster oder einen Papagei verloren haben, die den Tod \u00fcberlisten und ihn in einem hermetisch verschlossenen Glas einfangen m\u00f6chten.<\/p>\n<p>&nbsp;<\/p>\n<p>Das St\u00fcck erhielt den 1. Preis f\u00fcr \u201edie ber\u00fchrende und mutige Auseinandersetzung mit dem Thema Tod, die humorvolle Erz\u00e4hlweise in der Poetik des Schattentheaters sowie f\u00fcr die meisterhafte Ausf\u00fchrung\u201c und den Sonderpreis der Kinderjury beim Festival Teatralna Karuzela in \u0141\u00f3d\u017a. Es gewann den Hauptpreis der Kinderjury beim Korczak-Festival. Das St\u00fcck wurde auf internationalen Puppentheaterfestivals pr\u00e4sentiert, u. a. in St. Petersburg, Kaliningrad (Vorstellungen auf Russisch), Klaipeda (Vorstellung auf Englisch), N\u00fcrnberg, Greiz, kleinen Ortschaften in Ost\u00f6sterreich (Vorstellungen auf Deutsch), Jerusalem (Vorstellung auf Hebr\u00e4isch).<\/p>\n<p>&nbsp;<\/p>\n<p>Das St\u00fcck ist f\u00fcr Zuschauer ab 10 Jahren geeignet.<\/p>\n<p>&nbsp;<\/p>\n<p><strong>Drehbuch<\/strong>\u00a0nach dem Comic von Guillaume Bianco \u201eNebeliger Billy\u201c<\/p>\n<p><strong>Regie:<\/strong> Mateusz Przy\u0142\u0119cki<\/p>\n<p><strong>Musik:<\/strong> Andrzej Bonarek<\/p>\n<p><strong>B\u00fchnenbild:<\/strong> Agnieszka Pola\u0144ska<\/p>\n<p><strong>Besetzung:<\/strong> Julia Dyga, Dagmara \u017babska<\/p>\n<p>&nbsp;<\/p>\n<p>[\/et_pb_text][et_pb_image src=&#8220;https:\/\/www.krakauer-haus.de\/kh-test\/wp-content\/uploads\/2024\/06\/billy-w-ogrodzie-foto-dorota-halberda-min-scaled.jpg&#8220; title_text=&#8220;billy w ogrodzie foto dorota halberda-min&#8220; _builder_version=&#8220;4.25.0&#8243; _module_preset=&#8220;default&#8220; global_colors_info=&#8220;{}&#8220;][\/et_pb_image][\/et_pb_column][\/et_pb_row][\/et_pb_section][et_pb_section fb_built=&#8220;1&#8243; _builder_version=&#8220;4.25.0&#8243; _module_preset=&#8220;default&#8220; global_colors_info=&#8220;{}&#8220;][et_pb_row _builder_version=&#8220;4.25.0&#8243; _module_preset=&#8220;default&#8220; global_colors_info=&#8220;{}&#8220;][et_pb_column type=&#8220;4_4&#8243; _builder_version=&#8220;4.25.0&#8243; _module_preset=&#8220;default&#8220; global_colors_info=&#8220;{}&#8220;][et_pb_text _builder_version=&#8220;4.25.0&#8243; _module_preset=&#8220;default&#8220; global_colors_info=&#8220;{}&#8220;]<\/p>\n<p>In Kooperation mit:<\/p>\n<p>[\/et_pb_text][\/et_pb_column][\/et_pb_row][et_pb_row column_structure=&#8220;1_2,1_2&#8243; _builder_version=&#8220;4.25.0&#8243; _module_preset=&#8220;default&#8220; global_colors_info=&#8220;{}&#8220;][et_pb_column type=&#8220;1_2&#8243; _builder_version=&#8220;4.25.0&#8243; _module_preset=&#8220;default&#8220; global_colors_info=&#8220;{}&#8220;][et_pb_image src=&#8220;https:\/\/www.krakauer-haus.de\/kh-test\/wp-content\/uploads\/2024\/06\/logo-teatr-figur-1.png&#8220; title_text=&#8220;logo teatr figur-1&#8243; _builder_version=&#8220;4.25.0&#8243; _module_preset=&#8220;default&#8220; global_colors_info=&#8220;{}&#8220;][\/et_pb_image][\/et_pb_column][et_pb_column type=&#8220;1_2&#8243; _builder_version=&#8220;4.25.0&#8243; _module_preset=&#8220;default&#8220; global_colors_info=&#8220;{}&#8220;][et_pb_image src=&#8220;https:\/\/www.krakauer-haus.de\/kh-test\/wp-content\/uploads\/2024\/06\/610001_220705_074010OK_logo_800px.jpg&#8220; title_text=&#8220;610001_220705_074010OK_logo_800px&#8220; _builder_version=&#8220;4.25.0&#8243; _module_preset=&#8220;default&#8220; global_colors_info=&#8220;{}&#8220;][\/et_pb_image][\/et_pb_column][\/et_pb_row][\/et_pb_section]<\/p>\n","protected":false},"excerpt":{"rendered":"<p>21. JULI , 16 Uhr<br \/>\nOrt: THEATER PF\u00dcTZE<\/p>\n","protected":false},"author":2,"featured_media":10670,"comment_status":"closed","ping_status":"closed","sticky":false,"template":"","format":"aside","meta":{"_et_pb_use_builder":"on","_et_pb_old_content":"","_et_gb_content_width":"","_price":"","_stock":"","_tribe_ticket_header":"","_tribe_default_ticket_provider":"","_tribe_ticket_capacity":"0","_ticket_start_date":"","_ticket_end_date":"","_tribe_ticket_show_description":"","_tribe_ticket_show_not_going":false,"_tribe_ticket_use_global_stock":"","_tribe_ticket_global_stock_level":"","_global_stock_mode":"","_global_stock_cap":"","_tribe_rsvp_for_event":"","_tribe_ticket_going_count":"","_tribe_ticket_not_going_count":"","_tribe_tickets_list":"[]","_tribe_ticket_has_attendee_info_fields":false,"footnotes":""},"categories":[8],"tags":[],"class_list":["post-10665","post","type-post","status-publish","format-aside","has-post-thumbnail","hentry","category-theater","post_format-post-format-aside"],"_links":{"self":[{"href":"https:\/\/www.krakauer-haus.de\/kh-test\/index.php\/wp-json\/wp\/v2\/posts\/10665","targetHints":{"allow":["GET"]}}],"collection":[{"href":"https:\/\/www.krakauer-haus.de\/kh-test\/index.php\/wp-json\/wp\/v2\/posts"}],"about":[{"href":"https:\/\/www.krakauer-haus.de\/kh-test\/index.php\/wp-json\/wp\/v2\/types\/post"}],"author":[{"embeddable":true,"href":"https:\/\/www.krakauer-haus.de\/kh-test\/index.php\/wp-json\/wp\/v2\/users\/2"}],"replies":[{"embeddable":true,"href":"https:\/\/www.krakauer-haus.de\/kh-test\/index.php\/wp-json\/wp\/v2\/comments?post=10665"}],"version-history":[{"count":7,"href":"https:\/\/www.krakauer-haus.de\/kh-test\/index.php\/wp-json\/wp\/v2\/posts\/10665\/revisions"}],"predecessor-version":[{"id":10899,"href":"https:\/\/www.krakauer-haus.de\/kh-test\/index.php\/wp-json\/wp\/v2\/posts\/10665\/revisions\/10899"}],"wp:featuredmedia":[{"embeddable":true,"href":"https:\/\/www.krakauer-haus.de\/kh-test\/index.php\/wp-json\/wp\/v2\/media\/10670"}],"wp:attachment":[{"href":"https:\/\/www.krakauer-haus.de\/kh-test\/index.php\/wp-json\/wp\/v2\/media?parent=10665"}],"wp:term":[{"taxonomy":"category","embeddable":true,"href":"https:\/\/www.krakauer-haus.de\/kh-test\/index.php\/wp-json\/wp\/v2\/categories?post=10665"},{"taxonomy":"post_tag","embeddable":true,"href":"https:\/\/www.krakauer-haus.de\/kh-test\/index.php\/wp-json\/wp\/v2\/tags?post=10665"}],"curies":[{"name":"wp","href":"https:\/\/api.w.org\/{rel}","templated":true}]}}