{"id":10596,"date":"2024-07-01T20:43:58","date_gmt":"2024-07-01T18:43:58","guid":{"rendered":"https:\/\/www.krakauer-haus.de\/kh-test\/?p=10596"},"modified":"2024-08-07T00:36:47","modified_gmt":"2024-08-06T22:36:47","slug":"strassenfest-45-jahre-staedtepartnerschaft","status":"publish","type":"post","link":"https:\/\/www.krakauer-haus.de\/kh-test\/index.php\/2024\/07\/01\/strassenfest-45-jahre-staedtepartnerschaft\/","title":{"rendered":"STRASSENFEST 45 Jahre St\u00e4dtepartnerschaft"},"content":{"rendered":"<p>[et_pb_section fb_built=&#8220;1&#8243; _builder_version=&#8220;4.25.0&#8243; _module_preset=&#8220;default&#8220; global_colors_info=&#8220;{}&#8220;][et_pb_row _builder_version=&#8220;4.25.0&#8243; _module_preset=&#8220;default&#8220; global_colors_info=&#8220;{}&#8220;][et_pb_column type=&#8220;4_4&#8243; _builder_version=&#8220;4.25.0&#8243; _module_preset=&#8220;default&#8220; global_colors_info=&#8220;{}&#8220;][et_pb_image src=&#8220;https:\/\/www.krakauer-haus.de\/kh-test\/wp-content\/uploads\/2024\/06\/Zeichenflaeche-1.png&#8220; title_text=&#8220;Zeichenfl\u00e4che 1&#8243; _builder_version=&#8220;4.25.2&#8243; _module_preset=&#8220;default&#8220; global_colors_info=&#8220;{}&#8220;][\/et_pb_image][\/et_pb_column][\/et_pb_row][et_pb_row _builder_version=&#8220;4.25.0&#8243; _module_preset=&#8220;default&#8220; global_colors_info=&#8220;{}&#8220; column_structure=&#8220;1_2,1_2&#8243;][et_pb_column type=&#8220;1_2&#8243; _builder_version=&#8220;4.25.0&#8243; _module_preset=&#8220;default&#8220; global_colors_info=&#8220;{}&#8220;][et_pb_text _builder_version=&#8220;4.25.0&#8243; _module_preset=&#8220;default&#8220; header_font=&#8220;&#8211;et_global_heading_font|700||on|||||&#8220; header_text_color=&#8220;#0C71C3&#8243; header_letter_spacing=&#8220;2px&#8220; header_line_height=&#8220;1.2em&#8220; global_colors_info=&#8220;{}&#8220;]<\/p>\n<h1 style=\"text-align: center;\"><b>19. &#8211; 21.07. 2024<\/b><b><br \/><\/b><b>EIN WOCHENENDE MIT KRAKAU<\/b><\/h1>\n<h1 style=\"text-align: center;\"><b>Jubil\u00e4um der 45-j\u00e4hrigen Partnerschaft<\/b><\/h1>\n<p style=\"text-align: left;\">[\/et_pb_text][et_pb_text _builder_version=&#8220;4.25.0&#8243; _module_preset=&#8220;default&#8220; header_font=&#8220;&#8211;et_global_heading_font|700||on|||||&#8220; header_text_color=&#8220;#0C71C3&#8243; header_letter_spacing=&#8220;2px&#8220; header_line_height=&#8220;1.2em&#8220; global_colors_info=&#8220;{}&#8220;]<\/p>\n<p>&nbsp;<\/p>\n<h1 style=\"text-align: center;\"><b>PROGRAMM:<\/b><\/h1>\n<p><b><\/b><\/p>\n<p style=\"text-align: left;\">[\/et_pb_text][et_pb_button button_url=&#8220;https:\/\/www.krakauer-haus.de\/kh-test\/wp-content\/uploads\/2024\/06\/PLAKAT-_2_maly1-min-scaled.jpg&#8220; button_text=&#8220;PLAKAT&#8220; button_alignment=&#8220;center&#8220; _builder_version=&#8220;4.25.2&#8243; _module_preset=&#8220;default&#8220; global_colors_info=&#8220;{}&#8220;][\/et_pb_button][et_pb_button button_url=&#8220;https:\/\/www.krakauer-haus.de\/kh-test\/wp-content\/uploads\/2024\/06\/fromKrakauWithLove_BIG.pdf&#8220; button_text=&#8220;FLYER&#8220; button_alignment=&#8220;center&#8220; _builder_version=&#8220;4.25.2&#8243; _module_preset=&#8220;default&#8220; global_colors_info=&#8220;{}&#8220;][\/et_pb_button][et_pb_button button_url=&#8220;https:\/\/www.krakauer-haus.de\/kh-test\/wp-content\/uploads\/2024\/07\/0.kinder-dina-lang_front2-.pdf&#8220; button_text=&#8220;FLYER f\u00fcr KINDER&#8220; button_alignment=&#8220;center&#8220; _builder_version=&#8220;4.26.0&#8243; _module_preset=&#8220;default&#8220; global_colors_info=&#8220;{}&#8220;][\/et_pb_button][\/et_pb_column][et_pb_column type=&#8220;1_2&#8243; _builder_version=&#8220;4.25.0&#8243; _module_preset=&#8220;default&#8220; global_colors_info=&#8220;{}&#8220;][et_pb_image src=&#8220;https:\/\/www.krakauer-haus.de\/kh-test\/wp-content\/uploads\/2024\/07\/KRI_1833-min-scaled.jpg&#8220; _builder_version=&#8220;4.26.0&#8243; _module_preset=&#8220;default&#8220; title_text=&#8220;KRI_1833-min&#8220; hover_enabled=&#8220;0&#8243; sticky_enabled=&#8220;0&#8243;][\/et_pb_image][\/et_pb_column][\/et_pb_row][et_pb_row _builder_version=&#8220;4.25.0&#8243; _module_preset=&#8220;default&#8220; global_colors_info=&#8220;{}&#8220;][et_pb_column type=&#8220;4_4&#8243; _builder_version=&#8220;4.25.0&#8243; _module_preset=&#8220;default&#8220; global_colors_info=&#8220;{}&#8220;][et_pb_image src=&#8220;https:\/\/www.krakauer-haus.de\/kh-test\/wp-content\/uploads\/2024\/06\/potrojna_innen.jpg&#8220; title_text=&#8220;potrojna_innen&#8220; _builder_version=&#8220;4.25.2&#8243; _module_preset=&#8220;default&#8220; global_colors_info=&#8220;{}&#8220;][\/et_pb_image][et_pb_divider color=&#8220;#EDF000&#8243; divider_weight=&#8220;10px&#8220; _builder_version=&#8220;4.25.0&#8243; _module_preset=&#8220;default&#8220; module_alignment=&#8220;center&#8220; global_colors_info=&#8220;{}&#8220;][\/et_pb_divider][et_pb_gallery _builder_version=&#8220;4.26.0&#8243; _module_preset=&#8220;default&#8220; gallery_ids=&#8220;10950,10964,10963,10962,10961,10960,10959,10958,10957,10955,10954,10953,10952,10951,10949,10948,10947,10946,10945,10944,10943,10942,10941,10940,10939,10938,10937,10936,10935,10934,10933,10932,10931&#8243; fullwidth=&#8220;on&#8220; auto=&#8220;on&#8220; auto_speed=&#8220;2000&#8243; hover_enabled=&#8220;0&#8243; sticky_enabled=&#8220;0&#8243;][\/et_pb_gallery][et_pb_text _builder_version=&#8220;4.26.0&#8243; _module_preset=&#8220;default&#8220; hover_enabled=&#8220;0&#8243; sticky_enabled=&#8220;0&#8243;]<\/p>\n<p>Foto: Khrystyna Jalowa<\/p>\n<p>[\/et_pb_text][et_pb_divider color=&#8220;#EDF000&#8243; divider_weight=&#8220;10px&#8220; _builder_version=&#8220;4.25.0&#8243; _module_preset=&#8220;default&#8220; module_alignment=&#8220;center&#8220; global_colors_info=&#8220;{}&#8220;][\/et_pb_divider][\/et_pb_column][\/et_pb_row][et_pb_row disabled_on=&#8220;off|off|off&#8220; _builder_version=&#8220;4.25.0&#8243; _module_preset=&#8220;default&#8220; global_colors_info=&#8220;{}&#8220;][et_pb_column type=&#8220;4_4&#8243; _builder_version=&#8220;4.25.0&#8243; _module_preset=&#8220;default&#8220; global_colors_info=&#8220;{}&#8220;][et_pb_text _builder_version=&#8220;4.26.0&#8243; _module_preset=&#8220;default&#8220; header_font=&#8220;&#8211;et_global_heading_font|700||on|||||&#8220; header_text_color=&#8220;#0C71C3&#8243; header_letter_spacing=&#8220;2px&#8220; header_line_height=&#8220;1.2em&#8220; global_colors_info=&#8220;{}&#8220;]<\/p>\n<h2 style=\"text-align: left;\"><span style=\"color: #008080;\"><b>19.07.2024 Freitag \u00a0 \u00a0 \u00a0 \u00a0 \u00a0 \u00a0<\/b><\/span><\/h2>\n<h2 style=\"text-align: left;\"><span style=\"color: #008080;\"><span style=\"font-weight: 400;\">\/\/ ca. 21.00 Uhr:\u00a0<\/span> <span style=\"font-weight: 400;\"><strong>Openair &#8211; Kino<\/strong>\u00a0<\/span><\/span><\/h2>\n<p>[\/et_pb_text][\/et_pb_column][\/et_pb_row][et_pb_row column_structure=&#8220;3_4,1_4&#8243; _builder_version=&#8220;4.25.0&#8243; _module_preset=&#8220;default&#8220; global_colors_info=&#8220;{}&#8220;][et_pb_column type=&#8220;3_4&#8243; _builder_version=&#8220;4.25.0&#8243; _module_preset=&#8220;default&#8220; global_colors_info=&#8220;{}&#8220;][et_pb_text _builder_version=&#8220;4.25.2&#8243; _module_preset=&#8220;default&#8220; header_font=&#8220;&#8211;et_global_heading_font|700||on|||||&#8220; header_text_color=&#8220;#0C71C3&#8243; header_letter_spacing=&#8220;2px&#8220; header_line_height=&#8220;1.2em&#8220; global_colors_info=&#8220;{}&#8220;]<\/p>\n<p style=\"text-align: left;\"><span style=\"font-weight: 400;\">\/\/nach der D\u00e4mmerung \/\/ Hof bei der Egidienkirche<\/span><\/p>\n<p style=\"text-align: left;\"><span style=\"font-weight: 400;\">&gt;Eine Kooperation mit <a href=\"https:\/\/www.egidienkirche.de\/veranstaltungen\/\" target=\"_blank\" rel=\"noopener\">Egidienkirche<\/a>, \u00a0<a href=\"https:\/\/www.mobileskino.de\" target=\"_blank\" rel=\"noopener\">Mobileskino <\/a><\/span><span style=\"font-weight: 400;\">und <a href=\"https:\/\/www.polnische-filmwoche.de\" target=\"_blank\" rel=\"noopener\">Polnische Filmwoche<\/a><\/span><\/p>\n<p style=\"text-align: left;\">[\/et_pb_text][\/et_pb_column][et_pb_column type=&#8220;1_4&#8243; _builder_version=&#8220;4.25.0&#8243; _module_preset=&#8220;default&#8220; global_colors_info=&#8220;{}&#8220;][et_pb_button button_url=&#8220;https:\/\/www.mobileskino.de&#8220; url_new_window=&#8220;on&#8220; button_text=&#8220;mehr KINO&#8220; _builder_version=&#8220;4.26.0&#8243; _module_preset=&#8220;default&#8220; custom_button=&#8220;on&#8220; button_text_color=&#8220;#8300E9&#8243; button_bg_color=&#8220;#EDF000&#8243; button_border_width=&#8220;0px&#8220; button_border_radius=&#8220;20px&#8220; button_icon=&#8220;&#xf03d;||fa||900&#8243; animation_style=&#8220;bounce&#8220; animation_duration=&#8220;1200ms&#8220; global_colors_info=&#8220;{}&#8220;][\/et_pb_button][\/et_pb_column][\/et_pb_row][et_pb_row _builder_version=&#8220;4.25.0&#8243; _module_preset=&#8220;default&#8220; global_colors_info=&#8220;{}&#8220;][et_pb_column type=&#8220;4_4&#8243; _builder_version=&#8220;4.25.0&#8243; _module_preset=&#8220;default&#8220; global_colors_info=&#8220;{}&#8220;][et_pb_divider color=&#8220;#EDF000&#8243; divider_weight=&#8220;10px&#8220; _builder_version=&#8220;4.25.0&#8243; _module_preset=&#8220;default&#8220; module_alignment=&#8220;center&#8220; global_colors_info=&#8220;{}&#8220;][\/et_pb_divider][\/et_pb_column][\/et_pb_row][et_pb_row _builder_version=&#8220;4.25.0&#8243; _module_preset=&#8220;default&#8220; global_colors_info=&#8220;{}&#8220;][et_pb_column type=&#8220;4_4&#8243; _builder_version=&#8220;4.25.0&#8243; _module_preset=&#8220;default&#8220; global_colors_info=&#8220;{}&#8220;][et_pb_text _builder_version=&#8220;4.26.0&#8243; _module_preset=&#8220;default&#8220; header_font=&#8220;&#8211;et_global_heading_font|700||on|||||&#8220; header_text_color=&#8220;#0C71C3&#8243; header_letter_spacing=&#8220;2px&#8220; header_line_height=&#8220;1.2em&#8220; global_colors_info=&#8220;{}&#8220;]<\/p>\n<h2 style=\"text-align: left;\"><span style=\"color: #008080;\"><b>20.07.2024 Samstag<\/b><span style=\"font-weight: 400;\">\u00a0 \u00a0 \u00a0 \u00a0 \u00a0<\/span><\/span><\/h2>\n<h2 style=\"text-align: left;\"><span style=\"color: #008080;\"><span style=\"font-weight: 400;\">\/\/ 14.00 &#8211; 23.00 Uhr:<\/span> <strong>Stra\u00dfenfest <\/strong><\/span><\/h2>\n<h2 style=\"text-align: left;\"><strong><span style=\"color: #008080;\">mit Konzerten, Kinderworkshops und Vernissagen<\/span><\/strong><\/h2>\n<p style=\"text-align: left;\">[\/et_pb_text][\/et_pb_column][\/et_pb_row][et_pb_row column_structure=&#8220;3_4,1_4&#8243; _builder_version=&#8220;4.25.0&#8243; _module_preset=&#8220;default&#8220; global_colors_info=&#8220;{}&#8220;][et_pb_column type=&#8220;3_4&#8243; _builder_version=&#8220;4.25.0&#8243; _module_preset=&#8220;default&#8220; global_colors_info=&#8220;{}&#8220;][et_pb_text _builder_version=&#8220;4.25.2&#8243; _module_preset=&#8220;default&#8220; header_font=&#8220;&#8211;et_global_heading_font|700||on|||||&#8220; header_text_color=&#8220;#0C71C3&#8243; header_letter_spacing=&#8220;2px&#8220; header_line_height=&#8220;1.2em&#8220; global_colors_info=&#8220;{}&#8220;]<\/p>\n<p style=\"text-align: left;\"><span style=\"font-weight: 400;\">\/\/ Platz vor dem Krakauer Haus<\/span><\/p>\n<ul>\n<li style=\"text-align: left;\"><span style=\"font-weight: 400;\">Foodtruck<em> Antonio Imbis<\/em> &amp; Getr\u00e4nke des <em>Restaurants Kopernikus<\/em><\/span><\/li>\n<\/ul>\n<p style=\"text-align: left;\"><span style=\"color: #ff6600;\"><strong>14 -18 Uhr KINDERPROGRAMM<\/strong><\/span><\/p>\n<ul>\n<li style=\"text-align: left;\"><span style=\"font-weight: 400;\">Workshops f\u00fcr Kinder (von 4 bis 16 Jahre):<br \/><\/span><em><span>1. \u201eFlechten und Backen der Krakauer Brezel\u201c <\/span><\/em>um\u00a014, 15, 16, 17 Uhr <strong><span style=\"color: #800080;\">\u2192\u00a0<a href=\"mailto:kontakt@krakauer-haus.de\" target=\"_blank\" rel=\"noopener\" style=\"color: #800080;\">ANMELDUNG<\/a><br \/><\/span><\/strong><em><span>2. &#8222;Basteln von Drachenpuppen&#8220;\u00a0<\/span><\/em>um\u00a014, 15, 16, 17 Uhr <strong><span style=\"color: #800080;\">\u2192\u00a0<a href=\"mailto:kontakt@krakauer-haus.de\" target=\"_blank\" rel=\"noopener\" style=\"color: #800080;\">ANMELDUNG<\/a><\/span><\/strong><em><span><br \/><\/span><\/em><em><span>3. \u201eGestalten von Taschen\u201c\u00a0<\/span><\/em><em><span> <\/span><\/em>um\u00a014, 15, 16, 17 Uhr <strong><span style=\"color: #800080;\">\u2192\u00a0<a href=\"mailto:kontakt@krakauer-haus.de\" target=\"_blank\" rel=\"noopener\" style=\"color: #800080;\">ANMELDUNG<\/a><\/span><\/strong><\/li>\n<\/ul>\n<ul>\n<li style=\"text-align: left;\"><span style=\"font-weight: 400;\"><span>Auf der B\u00fchne: Wettbewerbe Interviews und Begegnungen mit N\u00fcrnberger Freunden Krakaus\u00a0<\/span><\/span><\/li>\n<\/ul>\n<p style=\"text-align: left;\"><span style=\"font-weight: 400; color: #ff6600;\"><strong>16 &#8211; 19 Uhr KUNST, VIP &amp; more<\/strong><\/span><\/p>\n<ul>\n<li style=\"text-align: left;\"><span style=\"font-weight: 400;\"><strong>16 Uhr\u00a0<\/strong>Er\u00f6ffnung der <strong><a href=\"https:\/\/www.krakauer-haus.de\/kh-test\/index.php\/2024\/06\/06\/mural-huebnerstor-von-marcin-czaja\/\" target=\"_blank\" rel=\"noopener\"><span style=\"color: #800080;\">Wandmalerei<\/span> <\/a><\/strong>von MARCIN CZAJA im H\u00fcbnerstor<\/span><\/li>\n<li style=\"text-align: left;\"><span style=\"font-weight: 400;\">Begr\u00fc\u00dfung der G\u00e4ste durch Vertreter beider St\u00e4dte<\/span><\/li>\n<li style=\"text-align: left;\"><span style=\"font-weight: 400;\"><strong>17 Uhr <\/strong><\/span><span><a href=\"https:\/\/www.krakauer-haus.de\/kh-test\/index.php\/2024\/05\/14\/artist-in-residence-2\/\" target=\"_blank\" rel=\"noopener\"><span style=\"color: #800080;\"><strong>Artist in Resident<\/strong><\/span><\/a>: Vernissage der Ausstellung von \u00a0<\/span><span>MILAN ZIENTARA\u00a0<\/span>in der Galerie im Krakauer Haus<\/li>\n<li style=\"text-align: left;\"><strong>18 Uhr\u00a0<\/strong><span style=\"font-weight: 400;\">Vernissage <span style=\"color: #800080;\"><strong><a href=\"https:\/\/www.krakauer-haus.de\/kh-test\/index.php\/2024\/05\/13\/inselkunst-2024-dorota-hadrian-und-emilia-neumann\/\" target=\"_blank\" rel=\"noopener\" style=\"color: #800080;\">INSELKUNST 2024<\/a><\/strong><\/span> \u00a0<\/span>DOROTA HADRIAN &amp; EMILIA NEUMANN mit einer F\u00fchrung durch die Kuratorin Kasia Prusik-Lutz.<\/li>\n<\/ul>\n<ul><\/ul>\n<p style=\"text-align: left;\"><span style=\"font-weight: 400;\"><strong><\/strong><\/span><\/p>\n<p style=\"text-align: left;\"><span style=\"font-weight: 400; color: #ff6600;\"><strong>19 &#8211; 23 Uhr KONZERTE<\/strong><\/span><\/p>\n<ul>\n<li style=\"text-align: left;\">NOBUTTHEFROG ( NBG)<\/li>\n<li style=\"text-align: left;\">HA\u0143BA ( KRK)<\/li>\n<li style=\"text-align: left;\">JOHN Q IRRITATED (NBG)<\/li>\n<\/ul>\n<p>[\/et_pb_text][\/et_pb_column][et_pb_column type=&#8220;1_4&#8243; _builder_version=&#8220;4.25.0&#8243; _module_preset=&#8220;default&#8220; global_colors_info=&#8220;{}&#8220;][et_pb_divider show_divider=&#8220;off&#8220; _builder_version=&#8220;4.25.0&#8243; _module_preset=&#8220;default&#8220; custom_margin=&#8220;13px||13px||true|false&#8220; global_colors_info=&#8220;{}&#8220;][\/et_pb_divider][et_pb_image src=&#8220;https:\/\/www.krakauer-haus.de\/kh-test\/wp-content\/uploads\/2024\/06\/Unbenanntes_Projekt-11_1-e1717621419166.png&#8220; title_text=&#8220;Unbenanntes_Projekt 11_1&#8243; _builder_version=&#8220;4.25.0&#8243; _module_preset=&#8220;default&#8220; global_colors_info=&#8220;{}&#8220;][\/et_pb_image][et_pb_button button_url=&#8220;https:\/\/www.krakauer-haus.de\/kh-test\/index.php\/2024\/06\/25\/kinderworkshops\/&#8220; url_new_window=&#8220;on&#8220; button_text=&#8220;mehr f\u00fcr KINDER&#8220; _builder_version=&#8220;4.26.0&#8243; _module_preset=&#8220;default&#8220; custom_button=&#8220;on&#8220; button_text_color=&#8220;#8300E9&#8243; button_bg_color=&#8220;#EDF000&#8243; button_border_width=&#8220;0px&#8220; button_border_radius=&#8220;20px&#8220; button_icon=&#8220;&#x45;||divi||400&#8243; animation_style=&#8220;bounce&#8220; animation_duration=&#8220;1200ms&#8220; global_colors_info=&#8220;{}&#8220;][\/et_pb_button][et_pb_button button_url=&#8220;https:\/\/www.krakauer-haus.de\/kh-test\/index.php\/2024\/06\/28\/mural-huebnerstor-von-marcin-czaja\/&#8220; url_new_window=&#8220;on&#8220; button_text=&#8220;mehr WANDMALEREI&#8220; _builder_version=&#8220;4.26.0&#8243; _module_preset=&#8220;default&#8220; custom_button=&#8220;on&#8220; button_text_color=&#8220;#8300E9&#8243; button_bg_color=&#8220;#EDF000&#8243; button_border_width=&#8220;0px&#8220; button_border_radius=&#8220;20px&#8220; button_icon=&#8220;&#x45;||divi||400&#8243; animation_style=&#8220;bounce&#8220; animation_duration=&#8220;1200ms&#8220; global_colors_info=&#8220;{}&#8220;][\/et_pb_button][et_pb_button button_url=&#8220;https:\/\/www.krakauer-haus.de\/kh-test\/index.php\/2024\/06\/29\/artist-in-residence-2\/&#8220; url_new_window=&#8220;on&#8220; button_text=&#8220;mehr ARTIST IN RESIDENCE&#8220; _builder_version=&#8220;4.26.0&#8243; _module_preset=&#8220;default&#8220; custom_button=&#8220;on&#8220; button_text_color=&#8220;#8300E9&#8243; button_bg_color=&#8220;#EDF000&#8243; button_border_width=&#8220;0px&#8220; button_border_radius=&#8220;20px&#8220; button_icon=&#8220;&#x45;||divi||400&#8243; animation_style=&#8220;bounce&#8220; animation_duration=&#8220;1200ms&#8220; global_colors_info=&#8220;{}&#8220;][\/et_pb_button][et_pb_button button_url=&#8220;https:\/\/www.krakauer-haus.de\/kh-test\/index.php\/2024\/06\/26\/inselkunst-2024-dorota-hadrian-und-emilia-neumann\/&#8220; url_new_window=&#8220;on&#8220; button_text=&#8220;mehr INSELKUNST&#8220; _builder_version=&#8220;4.26.0&#8243; _module_preset=&#8220;default&#8220; custom_button=&#8220;on&#8220; button_text_color=&#8220;#8300E9&#8243; button_bg_color=&#8220;#EDF000&#8243; button_border_width=&#8220;0px&#8220; button_border_radius=&#8220;20px&#8220; button_icon=&#8220;&#x45;||divi||400&#8243; animation_style=&#8220;bounce&#8220; animation_duration=&#8220;1200ms&#8220; global_colors_info=&#8220;{}&#8220;][\/et_pb_button][et_pb_button button_url=&#8220;https:\/\/www.krakauer-haus.de\/kh-test\/index.php\/2024\/06\/30\/buehne-from-krakau-with-love\/&#8220; url_new_window=&#8220;on&#8220; button_text=&#8220;mehr BANDS&#8220; _builder_version=&#8220;4.26.0&#8243; _module_preset=&#8220;default&#8220; custom_button=&#8220;on&#8220; button_text_color=&#8220;#8300E9&#8243; button_bg_color=&#8220;#EDF000&#8243; button_border_width=&#8220;0px&#8220; button_border_radius=&#8220;20px&#8220; button_icon=&#8220;&#x45;||divi||400&#8243; animation_style=&#8220;bounce&#8220; animation_duration=&#8220;1200ms&#8220; global_colors_info=&#8220;{}&#8220;][\/et_pb_button][\/et_pb_column][\/et_pb_row][et_pb_row _builder_version=&#8220;4.25.0&#8243; _module_preset=&#8220;default&#8220; global_colors_info=&#8220;{}&#8220;][et_pb_column type=&#8220;4_4&#8243; _builder_version=&#8220;4.25.0&#8243; _module_preset=&#8220;default&#8220; global_colors_info=&#8220;{}&#8220;][et_pb_divider color=&#8220;#EDF000&#8243; divider_weight=&#8220;10px&#8220; _builder_version=&#8220;4.25.0&#8243; _module_preset=&#8220;default&#8220; module_alignment=&#8220;center&#8220; global_colors_info=&#8220;{}&#8220;][\/et_pb_divider][\/et_pb_column][\/et_pb_row][et_pb_row _builder_version=&#8220;4.25.0&#8243; _module_preset=&#8220;default&#8220; global_colors_info=&#8220;{}&#8220;][et_pb_column type=&#8220;4_4&#8243; _builder_version=&#8220;4.25.0&#8243; _module_preset=&#8220;default&#8220; global_colors_info=&#8220;{}&#8220;][et_pb_text _builder_version=&#8220;4.26.0&#8243; _module_preset=&#8220;default&#8220; header_font=&#8220;&#8211;et_global_heading_font|700||on|||||&#8220; header_text_color=&#8220;#0C71C3&#8243; header_letter_spacing=&#8220;2px&#8220; header_line_height=&#8220;1.2em&#8220; global_colors_info=&#8220;{}&#8220;]<\/p>\n<h2 style=\"text-align: left;\"><span style=\"color: #008080;\"><b>21.07.2024 Sonntag \u00a0 \u00a0 \u00a0 \u00a0 \u00a0<\/b><\/span><\/h2>\n<h2 style=\"text-align: left;\"><span style=\"color: #008080;\"><span style=\"font-weight: 400;\">\/\/ <\/span><span style=\"font-weight: 400;\">16 Uhr: <\/span><\/span><strong><span style=\"color: #008080;\">NEBELIGER BILLY<\/span><span style=\"color: #008080;\">\u00a0&#8211; Kindertheater ab 10 Jahre<\/span><\/strong><\/h2>\n<p style=\"text-align: left;\">[\/et_pb_text][\/et_pb_column][\/et_pb_row][et_pb_row column_structure=&#8220;3_4,1_4&#8243; _builder_version=&#8220;4.25.0&#8243; _module_preset=&#8220;default&#8220; global_colors_info=&#8220;{}&#8220;][et_pb_column type=&#8220;3_4&#8243; _builder_version=&#8220;4.25.0&#8243; _module_preset=&#8220;default&#8220; global_colors_info=&#8220;{}&#8220;][et_pb_text _builder_version=&#8220;4.25.0&#8243; _module_preset=&#8220;default&#8220; header_font=&#8220;&#8211;et_global_heading_font|700||on|||||&#8220; header_text_color=&#8220;#0C71C3&#8243; header_letter_spacing=&#8220;2px&#8220; header_line_height=&#8220;1.2em&#8220; global_colors_info=&#8220;{}&#8220;]<\/p>\n<p><a href=\"https:\/\/www.krakauer-haus.de\/kh-test\/index.php\/2024\/06\/05\/nebeliger-billy-kindertheater\/\" target=\"_blank\" rel=\"noopener\"><\/a><\/p>\n<p style=\"text-align: left;\"><span style=\"font-weight: 400;\">\/\/ <a href=\"https:\/\/www.theater-pfuetze.de\/programm\/spielplan\" target=\"_blank\" rel=\"noopener\">Theater Pf\u00fctze<\/a><\/span><\/p>\n<p style=\"text-align: left;\"><span style=\"font-weight: 400;\">&gt; Eine Kooperation mit Theater Pf\u00fctze<\/span><\/p>\n<p style=\"text-align: left;\"><span style=\"font-weight: 400;\"><\/span><\/p>\n<p style=\"text-align: left;\">[\/et_pb_text][\/et_pb_column][et_pb_column type=&#8220;1_4&#8243; _builder_version=&#8220;4.25.0&#8243; _module_preset=&#8220;default&#8220; global_colors_info=&#8220;{}&#8220;][et_pb_button button_url=&#8220;https:\/\/www.krakauer-haus.de\/kh-test\/index.php\/2024\/06\/05\/nebeliger-billy-kindertheater\/&#8220; url_new_window=&#8220;on&#8220; button_text=&#8220;mehr THEATER&#8220; _builder_version=&#8220;4.26.0&#8243; _module_preset=&#8220;default&#8220; custom_button=&#8220;on&#8220; button_text_color=&#8220;#8300E9&#8243; button_bg_color=&#8220;#EDF000&#8243; button_border_width=&#8220;0px&#8220; button_border_radius=&#8220;20px&#8220; button_icon=&#8220;&#xf630;||fa||900&#8243; animation_style=&#8220;bounce&#8220; animation_duration=&#8220;1200ms&#8220; global_colors_info=&#8220;{}&#8220;][\/et_pb_button][et_pb_button button_url=&#8220;https:\/\/www.reservix.de\/tickets-billy-fog-10-gastspiel-des-teatr-figur-krakw-in-nuernberg-sebalder-hoefe-theater-pfuetze-am-21-7-2024\/e2252132&#8243; url_new_window=&#8220;on&#8220; button_text=&#8220;TICKETS&#8220; _builder_version=&#8220;4.25.2&#8243; _module_preset=&#8220;default&#8220; custom_button=&#8220;on&#8220; button_text_color=&#8220;#8300E9&#8243; button_bg_color=&#8220;#EDF000&#8243; button_border_width=&#8220;0px&#8220; button_border_radius=&#8220;20px&#8220; button_icon=&#8220;&#xf630;||fa||900&#8243; animation_style=&#8220;bounce&#8220; animation_duration=&#8220;1200ms&#8220; global_colors_info=&#8220;{}&#8220;][\/et_pb_button][\/et_pb_column][\/et_pb_row][et_pb_row _builder_version=&#8220;4.25.0&#8243; _module_preset=&#8220;default&#8220; global_colors_info=&#8220;{}&#8220;][et_pb_column type=&#8220;4_4&#8243; _builder_version=&#8220;4.25.0&#8243; _module_preset=&#8220;default&#8220; global_colors_info=&#8220;{}&#8220;][et_pb_divider color=&#8220;#7CDA24&#8243; divider_weight=&#8220;10px&#8220; _builder_version=&#8220;4.25.0&#8243; _module_preset=&#8220;default&#8220; module_alignment=&#8220;center&#8220; global_colors_info=&#8220;{}&#8220;][\/et_pb_divider][et_pb_image src=&#8220;https:\/\/www.krakauer-haus.de\/kh-test\/wp-content\/uploads\/2024\/05\/4_vektor_orangerot-insta.png&#8220; title_text=&#8220;4_vektor_orangerot insta&#8220; _builder_version=&#8220;4.25.0&#8243; _module_preset=&#8220;default&#8220; global_colors_info=&#8220;{}&#8220;][\/et_pb_image][et_pb_divider show_divider=&#8220;off&#8220; _builder_version=&#8220;4.25.0&#8243; _module_preset=&#8220;default&#8220; module_alignment=&#8220;center&#8220; global_colors_info=&#8220;{}&#8220;][\/et_pb_divider][et_pb_divider show_divider=&#8220;off&#8220; _builder_version=&#8220;4.25.0&#8243; _module_preset=&#8220;default&#8220; module_alignment=&#8220;center&#8220; global_colors_info=&#8220;{}&#8220;][\/et_pb_divider][\/et_pb_column][\/et_pb_row][\/et_pb_section][et_pb_section fb_built=&#8220;1&#8243; disabled_on=&#8220;on|on|on&#8220; _builder_version=&#8220;4.25.0&#8243; _module_preset=&#8220;default&#8220; disabled=&#8220;on&#8220; global_colors_info=&#8220;{}&#8220;][et_pb_row _builder_version=&#8220;4.25.0&#8243; _module_preset=&#8220;default&#8220; global_colors_info=&#8220;{}&#8220;][et_pb_column type=&#8220;4_4&#8243; _builder_version=&#8220;4.25.0&#8243; _module_preset=&#8220;default&#8220; global_colors_info=&#8220;{}&#8220;][et_pb_image src=&#8220;https:\/\/www.krakauer-haus.de\/kh-test\/wp-content\/uploads\/2024\/05\/LOGO_RED_2024.png&#8220; title_text=&#8220;LOGO_RED_2024&#8243; align=&#8220;center&#8220; _builder_version=&#8220;4.25.0&#8243; _module_preset=&#8220;default&#8220; global_colors_info=&#8220;{}&#8220;][\/et_pb_image][\/et_pb_column][\/et_pb_row][\/et_pb_section]<\/p>\n","protected":false},"excerpt":{"rendered":"<p>20. Juli ab 14 Uhr<br \/>\nPlatz vor dem Krakauer Haus<\/p>\n","protected":false},"author":2,"featured_media":10847,"comment_status":"closed","ping_status":"closed","sticky":false,"template":"","format":"aside","meta":{"_et_pb_use_builder":"on","_et_pb_old_content":"","_et_gb_content_width":"","_price":"","_stock":"","_tribe_ticket_header":"","_tribe_default_ticket_provider":"","_tribe_ticket_capacity":"0","_ticket_start_date":"","_ticket_end_date":"","_tribe_ticket_show_description":"","_tribe_ticket_show_not_going":false,"_tribe_ticket_use_global_stock":"","_tribe_ticket_global_stock_level":"","_global_stock_mode":"","_global_stock_cap":"","_tribe_rsvp_for_event":"","_tribe_ticket_going_count":"","_tribe_ticket_not_going_count":"","_tribe_tickets_list":"[]","_tribe_ticket_has_attendee_info_fields":false,"footnotes":""},"categories":[35,4,8,7,3],"tags":[],"class_list":["post-10596","post","type-post","status-publish","format-aside","has-post-thumbnail","hentry","category-festival","category-konzert","category-theater","category-vernissage","category-workshop","post_format-post-format-aside"],"_links":{"self":[{"href":"https:\/\/www.krakauer-haus.de\/kh-test\/index.php\/wp-json\/wp\/v2\/posts\/10596","targetHints":{"allow":["GET"]}}],"collection":[{"href":"https:\/\/www.krakauer-haus.de\/kh-test\/index.php\/wp-json\/wp\/v2\/posts"}],"about":[{"href":"https:\/\/www.krakauer-haus.de\/kh-test\/index.php\/wp-json\/wp\/v2\/types\/post"}],"author":[{"embeddable":true,"href":"https:\/\/www.krakauer-haus.de\/kh-test\/index.php\/wp-json\/wp\/v2\/users\/2"}],"replies":[{"embeddable":true,"href":"https:\/\/www.krakauer-haus.de\/kh-test\/index.php\/wp-json\/wp\/v2\/comments?post=10596"}],"version-history":[{"count":35,"href":"https:\/\/www.krakauer-haus.de\/kh-test\/index.php\/wp-json\/wp\/v2\/posts\/10596\/revisions"}],"predecessor-version":[{"id":10991,"href":"https:\/\/www.krakauer-haus.de\/kh-test\/index.php\/wp-json\/wp\/v2\/posts\/10596\/revisions\/10991"}],"wp:featuredmedia":[{"embeddable":true,"href":"https:\/\/www.krakauer-haus.de\/kh-test\/index.php\/wp-json\/wp\/v2\/media\/10847"}],"wp:attachment":[{"href":"https:\/\/www.krakauer-haus.de\/kh-test\/index.php\/wp-json\/wp\/v2\/media?parent=10596"}],"wp:term":[{"taxonomy":"category","embeddable":true,"href":"https:\/\/www.krakauer-haus.de\/kh-test\/index.php\/wp-json\/wp\/v2\/categories?post=10596"},{"taxonomy":"post_tag","embeddable":true,"href":"https:\/\/www.krakauer-haus.de\/kh-test\/index.php\/wp-json\/wp\/v2\/tags?post=10596"}],"curies":[{"name":"wp","href":"https:\/\/api.w.org\/{rel}","templated":true}]}}