{"id":10576,"date":"2024-08-04T22:43:29","date_gmt":"2024-08-04T20:43:29","guid":{"rendered":"https:\/\/www.krakauer-haus.de\/kh-test\/?p=10576"},"modified":"2025-05-13T16:24:00","modified_gmt":"2025-05-13T14:24:00","slug":"inselkunst-2024-dorota-hadrian-und-emilia-neumann","status":"publish","type":"post","link":"https:\/\/www.krakauer-haus.de\/kh-test\/index.php\/2024\/08\/04\/inselkunst-2024-dorota-hadrian-und-emilia-neumann\/","title":{"rendered":"INSELKUNST 2024 \/ Dorota Hadrian und Emilia Neumann"},"content":{"rendered":"<p>[et_pb_section fb_built=&#8220;1&#8243; _builder_version=&#8220;4.19.4&#8243; _module_preset=&#8220;default&#8220; custom_padding=&#8220;||22px|||&#8220; global_colors_info=&#8220;{}&#8220;][et_pb_row _builder_version=&#8220;4.19.4&#8243; _module_preset=&#8220;default&#8220; global_colors_info=&#8220;{}&#8220;][et_pb_column type=&#8220;4_4&#8243; _builder_version=&#8220;4.19.4&#8243; _module_preset=&#8220;default&#8220; global_colors_info=&#8220;{}&#8220;][et_pb_text disabled_on=&#8220;off|off|off&#8220; _builder_version=&#8220;4.25.0&#8243; _module_preset=&#8220;default&#8220; global_colors_info=&#8220;{}&#8220;]<\/p>\n<p style=\"text-align: center;\"><strong><\/strong><\/p>\n<h6 style=\"text-align: center;\"><span style=\"color: #999999;\"><strong>INSELKUNST- EINE DEUTSCH-POLNISCHE KUNSTBEGEGNUNG IM \u00d6FFENTLICHEN RAUM<\/strong><\/span><\/h6>\n<p>[\/et_pb_text][\/et_pb_column][\/et_pb_row][\/et_pb_section][et_pb_section fb_built=&#8220;1&#8243; _builder_version=&#8220;4.16&#8243; custom_margin=&#8220;11px|||||&#8220; custom_padding=&#8220;24px|||||&#8220; locked=&#8220;off&#8220; collapsed=&#8220;off&#8220; global_colors_info=&#8220;{}&#8220;][et_pb_row _builder_version=&#8220;4.16&#8243; custom_margin=&#8220;|auto|9px|auto||&#8220; custom_padding=&#8220;0px||4px|||&#8220; global_colors_info=&#8220;{}&#8220;][et_pb_column type=&#8220;4_4&#8243; _builder_version=&#8220;4.16&#8243; global_colors_info=&#8220;{}&#8220;][et_pb_text _builder_version=&#8220;4.26.0&#8243; _module_preset=&#8220;default&#8220; global_colors_info=&#8220;{}&#8220;]<\/p>\n<h1 style=\"text-align: center;\"><span style=\"color: #ff99cc;\"><strong>EMILIA NEUMANN<\/strong><\/span><\/h1>\n<h4 style=\"text-align: center;\"><span style=\"color: #808080;\">trifft auf \u00a0<\/span><\/h4>\n<h1 style=\"text-align: center;\"><span style=\"color: #ff99cc;\"><strong>DOROTA HADRIAN<\/strong><\/span><\/h1>\n<p>&nbsp;<\/p>\n<h4 style=\"text-align: center;\"><strong><span style=\"color: #808080;\">Samstag \/ 20. Juli \/ 18 Uhr<\/span><span style=\"color: #808080;\"><\/span><\/strong><\/h4>\n<h4 style=\"text-align: center;\"><strong><span style=\"color: #808080;\">VERNISSAGE <\/span><\/strong><\/h4>\n<h1 style=\"text-align: center;\"><strong><span style=\"color: #808080;\">mit Konzert von <span style=\"color: #ff99cc;\">NOBUTTHEFROG<\/span><\/span><\/strong><\/h1>\n<h4 style=\"text-align: center;\"><strong><span style=\"color: #808080;\">und F\u00fchrung mit der Kuratorin Kasia Prusik-Lutz<\/span><\/strong><\/h4>\n<h4 style=\"text-align: center;\"><\/h4>\n<p>&nbsp;<\/p>\n<p>[\/et_pb_text][et_pb_text _builder_version=&#8220;4.27.0&#8243; _module_preset=&#8220;default&#8220; global_colors_info=&#8220;{}&#8220;]<\/p>\n<h4 style=\"text-align: center;\"><strong><span style=\"color: #808080;\"><\/span><\/strong><\/h4>\n<h4 style=\"text-align: center;\"><span style=\"color: #808080;\"><strong>22. Septemmber 12 Uhr<\/strong><\/span><\/h4>\n<h1 style=\"text-align: center;\"><span style=\"color: #808080;\"><strong>STADT(VER)F\u00dcHRUNGEN<\/strong><\/span><\/h1>\n<h4 style=\"text-align: center;\"><span style=\"color: #808080;\"><strong>mit der Kuratorin Kasia Prusik-Lutz<\/strong><\/span><\/h4>\n<h4 style=\"text-align: center;\"><\/h4>\n<p>&nbsp;<\/p>\n<p>[\/et_pb_text][et_pb_button button_url=&#8220;https:\/\/www.krakauer-haus.de\/kh-test\/wp-content\/uploads\/2024\/07\/flyer-INSELKUNST-1-Kopie.pdf&#8220; url_new_window=&#8220;on&#8220; button_text=&#8220;FLYER&#8220; button_alignment=&#8220;center&#8220; disabled_on=&#8220;off|off|off&#8220; _builder_version=&#8220;4.26.0&#8243; _module_preset=&#8220;default&#8220; global_colors_info=&#8220;{}&#8220;][\/et_pb_button][et_pb_text _builder_version=&#8220;4.27.0&#8243; custom_margin=&#8220;||8px|||&#8220; custom_padding=&#8220;0px||0px|||&#8220; global_colors_info=&#8220;{}&#8220;]<\/p>\n<p style=\"text-align: center;\">Treffpunkt: Krakauer Haus<br \/>Die F\u00fchrung mit beiden K\u00fcnstlerinnen und Kuratorin dauert ca. 40 minuten.<\/p>\n<p>[\/et_pb_text][\/et_pb_column][\/et_pb_row][et_pb_row column_structure=&#8220;1_2,1_2&#8243; _builder_version=&#8220;4.27.0&#8243; _module_preset=&#8220;default&#8220; global_colors_info=&#8220;{}&#8220;][et_pb_column type=&#8220;1_2&#8243; _builder_version=&#8220;4.27.0&#8243; _module_preset=&#8220;default&#8220; global_colors_info=&#8220;{}&#8220;][et_pb_video src=&#8220;https:\/\/vimeo.com\/1004489552?share=copy&#8220; _builder_version=&#8220;4.27.0&#8243; _module_preset=&#8220;default&#8220; global_colors_info=&#8220;{}&#8220;][\/et_pb_video][\/et_pb_column][et_pb_column type=&#8220;1_2&#8243; _builder_version=&#8220;4.27.0&#8243; _module_preset=&#8220;default&#8220; global_colors_info=&#8220;{}&#8220;][et_pb_video src=&#8220;https:\/\/vimeo.com\/1004498084?share=copy&#8220; _builder_version=&#8220;4.27.0&#8243; _module_preset=&#8220;default&#8220; global_colors_info=&#8220;{}&#8220;][\/et_pb_video][\/et_pb_column][\/et_pb_row][et_pb_row _builder_version=&#8220;4.26.0&#8243; _module_preset=&#8220;default&#8220; global_colors_info=&#8220;{}&#8220;][et_pb_column type=&#8220;4_4&#8243; _builder_version=&#8220;4.26.0&#8243; _module_preset=&#8220;default&#8220; global_colors_info=&#8220;{}&#8220;][et_pb_text _builder_version=&#8220;4.27.0&#8243; _module_preset=&#8220;default&#8220; global_colors_info=&#8220;{}&#8220;]<\/p>\n<p><span style=\"color: #808080;\">Videos: Johannes Felder \/ tucanfilm<\/span><\/p>\n<p>[\/et_pb_text][et_pb_gallery gallery_ids=&#8220;11050,11051,11052,11055,11058,11062,11063,11066,11068,11069,11070&#8243; fullwidth=&#8220;on&#8220; _builder_version=&#8220;4.27.0&#8243; _module_preset=&#8220;default&#8220; auto=&#8220;on&#8220; auto_speed=&#8220;3000&#8243; global_colors_info=&#8220;{}&#8220;][\/et_pb_gallery][et_pb_text _builder_version=&#8220;4.27.0&#8243; _module_preset=&#8220;default&#8220; global_colors_info=&#8220;{}&#8220;]<\/p>\n<p>Fotos: Khrystyna Jalowa<\/p>\n<p>[\/et_pb_text][\/et_pb_column][\/et_pb_row][et_pb_row _builder_version=&#8220;4.25.0&#8243; _module_preset=&#8220;default&#8220; global_colors_info=&#8220;{}&#8220;][et_pb_column type=&#8220;4_4&#8243; _builder_version=&#8220;4.25.0&#8243; _module_preset=&#8220;default&#8220; global_colors_info=&#8220;{}&#8220;][et_pb_text _builder_version=&#8220;4.27.0&#8243; custom_margin=&#8220;||8px|||&#8220; custom_padding=&#8220;0px||0px|||&#8220; global_colors_info=&#8220;{}&#8220;]<\/p>\n<h3><strong><a href=\"https:\/\/emilianeumann.com\/\">EMILIA NEUMANN<\/a> (DE) und<a href=\"https:\/\/www.instagram.com\/dorotahadrian\/\"> DOROTA HADRIAN<\/a> (PL)<\/strong><\/h3>\n<p>Vom 20. Juli bis 22. September 2024 findet auf der Insel Sch\u00fctt die achte Ausgabe von \u201eInselKunst\u201c statt. Die Ausstellung pr\u00e4sentiert Werke zweier K\u00fcnstlerinnen: Emilia Neumann aus Deutschland und Dorota Hadrian aus Polen. Beide K\u00fcnstlerinnen erforschen auf einzigartige Weise Emotionen und Gedanken und fordern die Betrachter zu tiefen Reflexionen \u00fcber die moderne Welt heraus.<\/p>\n<p><strong>Emilia Neumann<\/strong>\u00a0beeindruckt mit monumentalen, gleichzeitig jedoch filigranen Skulpturen. Ihre Arbeit \u201eLeftover\u201c ist ein massiver Block aus Beton und Pigment, der als Negativform eines Plastik-Wasserkanisters geschaffen wurde. Platziert auf einer Wiese am Flussufer, regt das Werk zum Nachdenken \u00fcber aktuelle Themen wie den Klimawandel und die Ressourcennutzung an. Der \u00fcberraschende Kontrast zwischen dem harten Beton und der Funktion des urspr\u00fcnglichen, fl\u00fcssigen Prototyps stellt Fragen \u00fcber unsere Beziehung zur Natur und Umwelt.<\/p>\n<p>Eine Erg\u00e4nzung zu diesem Werk war die Installation \u201eDecolette\u201c an der Fassade eines Hauses in Krakau, die eine ironische Kritik an der Fassadenhaftigkeit und dekorativen Oberfl\u00e4chlichkeit darstellt. Emilia Neumann nutzt symbolische architektonische Elemente, um Heuchelei und Oberfl\u00e4chlichkeit der modernen \u00c4sthetik zu entlarven. Sie erinnert uns daran, dass sich hinter einer sch\u00f6nen Fassade oft tiefere, versteckte Probleme verbergen k\u00f6nnen.<\/p>\n<p><strong>Dorota Hadrian<\/strong> greift in ihrer Kunst auf die Ikonographie der klassischen europ\u00e4ischen Kunstgeschichte zur\u00fcck, die voller kultureller Anspielungen und mehrschichtiger Bez\u00fcge ist. Ihr Werk \u201egrzeczne ju\u017c by\u0142y\u015bmy\u201c (dt. \u201eWir waren schon brav\u201c) ist ein Manifest weiblicher Freiheit und der Ablehnung der von der Gesellschaft auferlegten Rollen. Hadrian verwendet Skulptur, Video und Malerei, um das Thema der Emanzipation von Frauen zu behandeln, die mutig nach ihren eigenen Regeln leben, ohne Angst vor Verurteilungen. Dieses Werk ist ein starker Protest gegen die Stereotype und kulturellen Einschr\u00e4nkungen, die seit Jahrhunderten die weibliche Identit\u00e4t beeinflussen.<\/p>\n<p>Die Ausstellung \u201eInselKunst 2024\u201c bietet einen au\u00dfergew\u00f6hnlichen Raum zur Auseinandersetzung mit aktuellen sozialen und \u00f6kologischen Problemen.<\/p>\n<p><span style=\"color: #808080;\">\u00a0\/Kasia Prusik-Lutz\/<\/span><\/p>\n<p>[\/et_pb_text][\/et_pb_column][\/et_pb_row][et_pb_row disabled_on=&#8220;off|off|off&#8220; _builder_version=&#8220;4.21.0&#8243; _module_preset=&#8220;default&#8220; global_colors_info=&#8220;{}&#8220;][et_pb_column type=&#8220;4_4&#8243; _builder_version=&#8220;4.21.0&#8243; _module_preset=&#8220;default&#8220; global_colors_info=&#8220;{}&#8220;][et_pb_text _builder_version=&#8220;4.27.0&#8243; _module_preset=&#8220;default&#8220; global_colors_info=&#8220;{}&#8220;]<\/p>\n<p>Fotos: Khrystyna Jalowa \/ Krakauer Haus\u00a0<\/p>\n<p>[\/et_pb_text][et_pb_gallery gallery_ids=&#8220;11067,11065,11064,11061,11060,11059,11057,11056,11054,11053&#8243; fullwidth=&#8220;on&#8220; _builder_version=&#8220;4.27.0&#8243; _module_preset=&#8220;default&#8220; auto=&#8220;on&#8220; auto_speed=&#8220;2000&#8243; global_colors_info=&#8220;{}&#8220;][\/et_pb_gallery][et_pb_gallery gallery_ids=&#8220;10947,10946,10945,10943,10942,10944,10949,10950,10948&#8243; fullwidth=&#8220;on&#8220; _builder_version=&#8220;4.27.0&#8243; _module_preset=&#8220;default&#8220; auto=&#8220;on&#8220; auto_speed=&#8220;2000&#8243; global_colors_info=&#8220;{}&#8220;][\/et_pb_gallery][\/et_pb_column][\/et_pb_row][et_pb_row disabled_on=&#8220;off|off|off&#8220; _builder_version=&#8220;4.17.6&#8243; _module_preset=&#8220;default&#8220; global_colors_info=&#8220;{}&#8220;][et_pb_column type=&#8220;4_4&#8243; _builder_version=&#8220;4.17.6&#8243; _module_preset=&#8220;default&#8220; global_colors_info=&#8220;{}&#8220;][et_pb_image src=&#8220;https:\/\/www.krakauer-haus.de\/kh-test\/wp-content\/uploads\/2024\/05\/InselKunst-2024_rgb_klein.jpg&#8220; title_text=&#8220;InselKunst 2024_rgb_klein&#8220; align=&#8220;center&#8220; _builder_version=&#8220;4.25.0&#8243; _module_preset=&#8220;default&#8220; module_alignment=&#8220;center&#8220; min_height=&#8220;1102px&#8220; global_colors_info=&#8220;{}&#8220;][\/et_pb_image][\/et_pb_column][\/et_pb_row][et_pb_row column_structure=&#8220;1_2,1_2&#8243; disabled_on=&#8220;off|off|off&#8220; _builder_version=&#8220;4.16.1&#8243; _module_preset=&#8220;default&#8220; global_colors_info=&#8220;{}&#8220;][et_pb_column type=&#8220;1_2&#8243; _builder_version=&#8220;4.16.1&#8243; _module_preset=&#8220;default&#8220; global_colors_info=&#8220;{}&#8220;][et_pb_image src=&#8220;https:\/\/www.krakauer-haus.de\/kh-test\/wp-content\/uploads\/2024\/05\/klein-Potrait-Emilia-Neumann-Foto-Eda-Telmucin-scaled-1.jpg&#8220; title_text=&#8220;klein-Potrait-Emilia-Neumann-Foto-Eda-Telmucin-scaled&#8220; _builder_version=&#8220;4.25.0&#8243; _module_preset=&#8220;default&#8220; global_colors_info=&#8220;{}&#8220;][\/et_pb_image][et_pb_text _builder_version=&#8220;4.25.0&#8243; _module_preset=&#8220;default&#8220; global_colors_info=&#8220;{}&#8220;]<\/p>\n<p><span style=\"color: #999999;\">Foto:\u00a0Eda Telmucin<\/span><\/p>\n<p>[\/et_pb_text][et_pb_text disabled_on=&#8220;off|off|off&#8220; _builder_version=&#8220;4.26.0&#8243; _module_preset=&#8220;default&#8220; global_colors_info=&#8220;{}&#8220;]<\/p>\n<div class=\"page\" title=\"Page 1\">\n<div class=\"layoutArea\">\n<div class=\"column\">\n<div class=\"page\" title=\"Page 1\">\n<div class=\"layoutArea\">\n<div class=\"column\">\n<p>Emilia Neumann ist Bildhauerin. Sie studierte an der Hochschule f\u00fcr Gestaltung in Offenbach bei Wolfgang Luy &amp; Georg H\u00fcter, sowie bei Jos\u00e9 Luis Vicario an der Facultad de Bellas Artes Alonso Cano, Granada, Spanien. <br \/>In ihrer skulpturalen Arbeit setzt sie sich mit den grundlegenden Fragestellungen der Bildhauerei auseinander und holt diese in die Gegenwart. Sie arbeitet mit Beton oder Gips, der w\u00e4hrend des Gusses eingef\u00e4rbt wird. Trotz der eintretenden Starre des Materials geht die Materialeigenschaft des Fl\u00fcssigen nicht verloren und durch die Farbigkeit bleibt dieser Zustand optisch erhalten. Formgebende Teile der Skulpturen sind Alltagsgegenst\u00e4nde und Konsumg\u00fcter, die sie auseinanderbaut, zerschneidet und neu zusammensetzt. Spuren industrieller Fertigung treffen auf organisch Gewachsenes, die an Bekanntes erinnern, und doch r\u00e4tselhaft bleiben. Sie lebt und arbeitet in Frankfurt am Main.<\/p>\n<p><a href=\"http:\/\/emilianeumann.com\" target=\"_blank\" rel=\"noopener\"><span>mehr<\/span><\/a><\/p>\n<\/div>\n<\/div>\n<\/div>\n<\/div>\n<\/div>\n<\/div>\n<p><span><\/span><\/p>\n<p><span><\/span><\/p>\n<p>[\/et_pb_text][\/et_pb_column][et_pb_column type=&#8220;1_2&#8243; _builder_version=&#8220;4.16.1&#8243; _module_preset=&#8220;default&#8220; global_colors_info=&#8220;{}&#8220;][et_pb_text disabled_on=&#8220;off|off|off&#8220; _builder_version=&#8220;4.26.0&#8243; _module_preset=&#8220;default&#8220; global_colors_info=&#8220;{}&#8220;]<\/p>\n<p>Dorota Hadrian ist bildende K\u00fcnstlerin &amp; B\u00fchnenbildnerin. Sie studierte Bildhauerei und Grafik an der Akademie der Bildenden K\u00fcnste in Krakau und promovierte an der p\u00e4dagogischen Fakult\u00e4t der Universit\u00e4t Krakau. <br \/>In ihrer k\u00fcnstlerischen T\u00e4tigkeit bedient sie sich ikonografischer Muster der klassischen europ\u00e4ischen Kunst und verwendet vielschichtige kulturelle Bez\u00fcge, Anspielungen und Zitate. Inhalt ihrer Forschung ist der Kampf gegen Stereotypen in Kultur und Popkultur. Die Hauptausdrucksmittel der K\u00fcnstlerin sind Skulptur, Video und Malerei. Sie lebt und arbeitet in Bytom und Krakau, Polen.<\/p>\n<p>&nbsp;<\/p>\n<p><a href=\"https:\/\/kronika.org.pl\/en\/exhibitions\/dorota-hadrian-renaissance\" target=\"_blank\" rel=\"noopener\">mehr<\/a><\/p>\n<p>[\/et_pb_text][et_pb_image src=&#8220;https:\/\/www.krakauer-haus.de\/kh-test\/wp-content\/uploads\/2024\/07\/WhatsApp-Image-2024-06-28-at-15.15.50.jpeg&#8220; title_text=&#8220;WhatsApp Image 2024-06-28 at 15.15.50&#8243; _builder_version=&#8220;4.26.0&#8243; _module_preset=&#8220;default&#8220; global_colors_info=&#8220;{}&#8220;][\/et_pb_image][et_pb_text _builder_version=&#8220;4.26.0&#8243; _module_preset=&#8220;default&#8220; global_colors_info=&#8220;{}&#8220;]<\/p>\n<p style=\"text-align: right;\"><span style=\"color: #999999;\">Foto: Dorota Hadrian<\/span><\/p>\n<p>[\/et_pb_text][\/et_pb_column][\/et_pb_row][\/et_pb_section][et_pb_section fb_built=&#8220;1&#8243; _builder_version=&#8220;4.25.0&#8243; _module_preset=&#8220;default&#8220; global_colors_info=&#8220;{}&#8220;][et_pb_row _builder_version=&#8220;4.25.0&#8243; _module_preset=&#8220;default&#8220; global_colors_info=&#8220;{}&#8220;][et_pb_column type=&#8220;4_4&#8243; _builder_version=&#8220;4.25.0&#8243; _module_preset=&#8220;default&#8220; global_colors_info=&#8220;{}&#8220;][et_pb_text _builder_version=&#8220;4.25.0&#8243; _module_preset=&#8220;default&#8220; global_colors_info=&#8220;{}&#8220;]<\/p>\n<p><strong><span>20.07.2024 Samstag \/\/ 19-23 Uhr OPEN AIR B\u00fchne vor dem Krakauer Haus<\/span><\/strong><\/p>\n<h3><strong>NOBUTTHEFROG ( NBG)<\/strong><\/h3>\n<p><span>Nobutthefrog machen <\/span><i><span>zauberhaften Indie-Folk,<\/span><\/i><span> der ihr Publikum daran erinnert, welche Sch\u00f6nheit in der Welt verborgen liegt. Das Zusammenspiel zwischen Geige, Gitarre und zweistimmigem Gesang \u00f6ffnet einen Raum f\u00fcr Verbundenheit, Frieden und ein Gesp\u00fcr f\u00fcr das, was wirklich z\u00e4hlt. Das Duo zieht es immer wieder raus in die Welt, um in der Natur und am Meer Gl\u00fcck und Inspiration f\u00fcrs Leben zu finden. Ihre Lieder bringen dich ins Hier und Jetzt, setzen Impulse f\u00fcr all das Neue, das f\u00fcr dich bereit liegt. Nobutthefrog ermutigen durch ihre Songs: Du hast dein Leben selbst in der Hand, also fang an, es entsprechend zu gestalten!\u00a0<\/span><\/p>\n<p><span><a href=\"http:\/\/www.nobutthefrog.com\">www.nobutthefrog.com<\/a><\/span><\/p>\n<p>[\/et_pb_text][\/et_pb_column][\/et_pb_row][et_pb_row _builder_version=&#8220;4.25.0&#8243; _module_preset=&#8220;default&#8220; global_colors_info=&#8220;{}&#8220;][et_pb_column type=&#8220;4_4&#8243; _builder_version=&#8220;4.25.0&#8243; _module_preset=&#8220;default&#8220; global_colors_info=&#8220;{}&#8220;][et_pb_image src=&#8220;https:\/\/www.krakauer-haus.de\/kh-test\/wp-content\/uploads\/2024\/06\/Nobutthefrog_Pressefoto_1-Joao-Padua-scaled.jpg&#8220; title_text=&#8220;Nobutthefrog_Pressefoto_1 (Joao Padua)&#8220; _builder_version=&#8220;4.25.0&#8243; _module_preset=&#8220;default&#8220; global_colors_info=&#8220;{}&#8220;][\/et_pb_image][et_pb_text _builder_version=&#8220;4.25.0&#8243; _module_preset=&#8220;default&#8220; global_colors_info=&#8220;{}&#8220;]<\/p>\n<p><span style=\"color: #808080;\">Foto: Joao Padua<\/span><\/p>\n<p>[\/et_pb_text][\/et_pb_column][\/et_pb_row][\/et_pb_section][et_pb_section fb_built=&#8220;1&#8243; theme_builder_area=&#8220;post_content&#8220; _builder_version=&#8220;4.27.4&#8243; _module_preset=&#8220;default&#8220;][et_pb_row _builder_version=&#8220;4.27.4&#8243; _module_preset=&#8220;default&#8220; theme_builder_area=&#8220;post_content&#8220;][et_pb_column _builder_version=&#8220;4.27.4&#8243; _module_preset=&#8220;default&#8220; type=&#8220;4_4&#8243; theme_builder_area=&#8220;post_content&#8220;][et_pb_divider _builder_version=&#8220;4.27.4&#8243; _module_preset=&#8220;default&#8220; theme_builder_area=&#8220;post_content&#8220; hover_enabled=&#8220;0&#8243; sticky_enabled=&#8220;0&#8243;][\/et_pb_divider][\/et_pb_column][\/et_pb_row][\/et_pb_section][et_pb_section fb_built=&#8220;1&#8243; _builder_version=&#8220;4.27.4&#8243; _module_preset=&#8220;default&#8220; global_colors_info=&#8220;{}&#8220; locked=&#8220;off&#8220; theme_builder_area=&#8220;post_content&#8220;][et_pb_row _builder_version=&#8220;4.27.4&#8243; _module_preset=&#8220;default&#8220; global_colors_info=&#8220;{}&#8220; theme_builder_area=&#8220;post_content&#8220;][et_pb_column type=&#8220;4_4&#8243; _builder_version=&#8220;4.27.4&#8243; _module_preset=&#8220;default&#8220; global_colors_info=&#8220;{}&#8220; theme_builder_area=&#8220;post_content&#8220;][et_pb_text admin_label=&#8220;Text&#8220; _builder_version=&#8220;4.27.4&#8243; text_font=&#8220;||||||||&#8220; locked=&#8220;off&#8220; global_colors_info=&#8220;{}&#8220; theme_builder_area=&#8220;post_content&#8220;]<\/p>\n<h1 style=\"text-align: center;\">GESCHICHTE<\/h1>\n<p style=\"text-align: center;\">Im Jahr 2016 fand mit dem Titel \u201e20\u201c die Jubil\u00e4umsausstellung im \u00f6ffentlichen Raum der St\u00e4dte N\u00fcrnberg und Krakau statt, in der Arbeiten von K\u00fcnstlern aus beiden St\u00e4dten pr\u00e4sentiert wurden.<br \/><span style=\"font-size: 14px; text-align: center;\">(Mehr \u00fcber das Projekt \u201e20\u201c gibt es hier: <\/span><a href=\"https:\/\/www.krakauer-haus.de\/kh-test\/index.php\/2016\/07\/08\/kunstprojekt-20-zum-20-jubilaeum-des-krakauer-hauses-und-des-nuernberger-hauses\/\" target=\"_blank\" rel=\"noopener\">Austellung &#8222;20&#8220;<\/a><a style=\"font-size: 14px; text-align: center;\" href=\"https:\/\/20jahre.krakauer-haus.de\/kunstprojekt20\/\">)<\/a><\/p>\n<p style=\"text-align: center;\">Die Ausstellung erzeugte in beiden St\u00e4dten eine gro\u00dfartige Resonanz und so entschied sich das Krakauer Haus, das Projekt fortzusetzen &#8211;\u00a0 es l\u00e4uft seit 2017 unter dem Namen \u201eInselkunst\u201c.<\/p>\n<p style=\"text-align: center;\">Das Projekt wird von Anfang an von Kasia Prusik-Lutz kuratiert.<\/p>\n<p style=\"text-align: center;\">\n<p style=\"text-align: center;\">Unten finden Sie die Geschichte und Dokumentation der Ausstellungen von 2017 bis heute:<\/p>\n<p style=\"text-align: center;\">\n<p style=\"text-align: center;\">Emilia Neumann <a href=\"https:\/\/www.krakauer-haus.de\/kh-test\/index.php\/2024\/08\/04\/inselkunst-2024-dorota-hadrian-und-emilia-neumann\/\" target=\"_blank\" rel=\"noopener\">InselKunst 2024<\/a><br \/>Dorota Hadrian <a href=\"https:\/\/www.krakauer-haus.de\/kh-test\/index.php\/2024\/08\/04\/inselkunst-2024-dorota-hadrian-und-emilia-neumann\/\" target=\"_blank\" rel=\"noopener\">InselKunst 2024<\/a><\/p>\n<p style=\"text-align: center;\">Rudyard Schmidt <a href=\"https:\/\/www.krakauer-haus.de\/kh-test\/index.php\/2023\/07\/03\/inselkunst-2023\/\" target=\"_blank\" rel=\"noopener\">InselKunst 2023<\/a><br \/>Bartosz W\u0119grzyn <a href=\"https:\/\/www.krakauer-haus.de\/kh-test\/index.php\/2023\/07\/03\/inselkunst-2023\/\" target=\"_blank\" rel=\"noopener\">InselKunst 2023<\/a><\/p>\n<p style=\"text-align: center;\">Aldona Kut ( <a href=\"http:\/\/www.krakauer-haus.de\/index.php\/2022\/02\/06\/inselkunst-2022-kunst-im-oeffentlichen-raum\/\" target=\"_blank\" rel=\"noopener\">InselKunst 2022<\/a>)<br \/>Sebastian Kuhn ( <a href=\"http:\/\/www.krakauer-haus.de\/index.php\/2022\/02\/06\/inselkunst-2022-kunst-im-oeffentlichen-raum\/\" target=\"_blank\" rel=\"noopener\">InselKunst 2022<\/a>)<\/p>\n<p style=\"text-align: center;\">Dashdemed Sampil ( <a href=\"http:\/\/www.krakauer-haus.de\/index.php\/2021\/10\/11\/kunst-inselkunst-2020-kunst-im-oeffentlichen-raum\/\" target=\"_blank\" rel=\"noopener\">InselKunst 2021<\/a>)<br \/>Martyna Kielesi\u0144ska &amp; Cyryl Polaczek ( <a href=\"http:\/\/www.krakauer-haus.de\/index.php\/2021\/10\/11\/kunst-inselkunst-2020-kunst-im-oeffentlichen-raum\/\" target=\"_blank\" rel=\"noopener\">InselKunst 2021<\/a>)<\/p>\n<p style=\"text-align: center;\">Bartosz Kokosi\u0144ski ( <a href=\"http:\/\/www.krakauer-haus.de\/index.php\/2020\/06\/02\/inselkunst-2019-kunst-im-oeffentlichen-raum\/\" target=\"_blank\" rel=\"noopener noreferrer\">InselKunst 2020<\/a>)<br \/>Philipp Eyrich ( <a href=\"http:\/\/www.krakauer-haus.de\/index.php\/2020\/06\/02\/inselkunst-2019-kunst-im-oeffentlichen-raum\/\" target=\"_blank\" rel=\"noopener noreferrer\">InselKunst 2020<\/a> )<\/p>\n<p style=\"text-align: center;\">Kinga Nowak (<a href=\"http:\/\/www.krakauer-haus.de\/index.php\/2019\/04\/25\/inselkunst-2019\/\">InselKunst 2019<\/a>)<br \/>Mateusz von Motz (<a href=\"http:\/\/www.krakauer-haus.de\/index.php\/2019\/04\/25\/inselkunst-2019\/\">InselKunst 2019<\/a>)<\/p>\n<p style=\"text-align: center;\">Michalina Bigaj <a href=\"http:\/\/www.krakauer-haus.de\/index.php\/2018\/06\/08\/inselkunst-kunst-im-oeffentlichen-raum\/\">(InselKunst 2018<\/a>)<br \/>Urban H\u00fcter (<a href=\"http:\/\/www.krakauer-haus.de\/index.php\/2018\/06\/08\/inselkunst-kunst-im-oeffentlichen-raum\/\">InselKunst 2018<\/a>)<\/p>\n<p style=\"text-align: center;\">Kornel Janczy (<a href=\"http:\/\/www.krakauer-haus.de\/index.php\/2017\/07\/01\/inselkunst-2017-kornel-janczy-caspar-hueter\/\">InselKunst 2017<\/a>)<br \/>Caspar H\u00fcter (<a href=\"http:\/\/www.krakauer-haus.de\/index.php\/2017\/07\/01\/inselkunst-2017-kornel-janczy-caspar-hueter\/\">InselKunst 2017<\/a>)<\/p>\n<p style=\"text-align: center;\">[\/et_pb_text][\/et_pb_column][\/et_pb_row][\/et_pb_section]<\/p>\n","protected":false},"excerpt":{"rendered":"<p>20. JULI, 18 Uhr<br \/>\nTreffpunkt: KRAKAUER HAUS<\/p>\n","protected":false},"author":2,"featured_media":9680,"comment_status":"closed","ping_status":"closed","sticky":false,"template":"","format":"aside","meta":{"_et_pb_use_builder":"on","_et_pb_old_content":"","_et_gb_content_width":"","_price":"","_stock":"","_tribe_ticket_header":"","_tribe_default_ticket_provider":"","_tribe_ticket_capacity":"0","_ticket_start_date":"","_ticket_end_date":"","_tribe_ticket_show_description":"","_tribe_ticket_show_not_going":false,"_tribe_ticket_use_global_stock":"","_tribe_ticket_global_stock_level":"","_global_stock_mode":"","_global_stock_cap":"","_tribe_rsvp_for_event":"","_tribe_ticket_going_count":"","_tribe_ticket_not_going_count":"","_tribe_tickets_list":"[]","_tribe_ticket_has_attendee_info_fields":false,"footnotes":""},"categories":[28,4],"tags":[],"class_list":["post-10576","post","type-post","status-publish","format-aside","has-post-thumbnail","hentry","category-ausstellung","category-konzert","post_format-post-format-aside"],"_links":{"self":[{"href":"https:\/\/www.krakauer-haus.de\/kh-test\/index.php\/wp-json\/wp\/v2\/posts\/10576","targetHints":{"allow":["GET"]}}],"collection":[{"href":"https:\/\/www.krakauer-haus.de\/kh-test\/index.php\/wp-json\/wp\/v2\/posts"}],"about":[{"href":"https:\/\/www.krakauer-haus.de\/kh-test\/index.php\/wp-json\/wp\/v2\/types\/post"}],"author":[{"embeddable":true,"href":"https:\/\/www.krakauer-haus.de\/kh-test\/index.php\/wp-json\/wp\/v2\/users\/2"}],"replies":[{"embeddable":true,"href":"https:\/\/www.krakauer-haus.de\/kh-test\/index.php\/wp-json\/wp\/v2\/comments?post=10576"}],"version-history":[{"count":30,"href":"https:\/\/www.krakauer-haus.de\/kh-test\/index.php\/wp-json\/wp\/v2\/posts\/10576\/revisions"}],"predecessor-version":[{"id":11635,"href":"https:\/\/www.krakauer-haus.de\/kh-test\/index.php\/wp-json\/wp\/v2\/posts\/10576\/revisions\/11635"}],"wp:featuredmedia":[{"embeddable":true,"href":"https:\/\/www.krakauer-haus.de\/kh-test\/index.php\/wp-json\/wp\/v2\/media\/9680"}],"wp:attachment":[{"href":"https:\/\/www.krakauer-haus.de\/kh-test\/index.php\/wp-json\/wp\/v2\/media?parent=10576"}],"wp:term":[{"taxonomy":"category","embeddable":true,"href":"https:\/\/www.krakauer-haus.de\/kh-test\/index.php\/wp-json\/wp\/v2\/categories?post=10576"},{"taxonomy":"post_tag","embeddable":true,"href":"https:\/\/www.krakauer-haus.de\/kh-test\/index.php\/wp-json\/wp\/v2\/tags?post=10576"}],"curies":[{"name":"wp","href":"https:\/\/api.w.org\/{rel}","templated":true}]}}