{"id":10502,"date":"2024-04-13T12:00:21","date_gmt":"2024-04-13T10:00:21","guid":{"rendered":"https:\/\/www.krakauer-haus.de\/kh-test\/?p=10502"},"modified":"2024-12-03T12:24:43","modified_gmt":"2024-12-03T11:24:43","slug":"umzug-happening","status":"publish","type":"post","link":"https:\/\/www.krakauer-haus.de\/kh-test\/index.php\/2024\/04\/13\/umzug-happening\/","title":{"rendered":"UMZUG Happening"},"content":{"rendered":"<p>[et_pb_section fb_built=&#8220;1&#8243; _builder_version=&#8220;4.21.0&#8243; _module_preset=&#8220;default&#8220; min_height=&#8220;548px&#8220; custom_margin=&#8220;||5px|||&#8220; custom_padding=&#8220;||35px|3px||&#8220; global_colors_info=&#8220;{}&#8220;][et_pb_row _builder_version=&#8220;4.21.0&#8243; _module_preset=&#8220;default&#8220; locked=&#8220;off&#8220; global_colors_info=&#8220;{}&#8220;][et_pb_column type=&#8220;4_4&#8243; _builder_version=&#8220;4.21.0&#8243; _module_preset=&#8220;default&#8220; global_colors_info=&#8220;{}&#8220;][et_pb_text _builder_version=&#8220;4.25.0&#8243; _module_preset=&#8220;default&#8220; global_colors_info=&#8220;{}&#8220;]<\/p>\n<p style=\"text-align: center;\"><span style=\"color: #993300;\"><strong>Happening<\/strong><\/span><\/p>\n<p style=\"text-align: center;\"><span style=\"color: #993300;\"><strong>\u00a016. 05. \/ Donnerstag \/ \u00a017.00 UHR<\/strong><\/span><\/p>\n<p style=\"text-align: center;\">Treffpunkt:<br \/>Krakauer Haus Galerie<\/p>\n<p style=\"text-align: center;\">\n<p style=\"text-align: center;\"><b><br \/><\/b>Kooperation: Kulturzentrum Krakauer Haus &amp; Konfizius Institut<\/p>\n<p>[\/et_pb_text][et_pb_text _builder_version=&#8220;4.25.0&#8243; _module_preset=&#8220;default&#8220; global_colors_info=&#8220;{}&#8220;]<\/p>\n<p style=\"text-align: center;\">Bunter Umzugsprozession &#8211; Ende einer Ausstellung und Vernissage einer neuen. <br \/>Nomadisches Leben der K\u00fcnstlerpaare, die die Kulturen Mitteleuropas und des Fernen Ostens verbinden.<\/p>\n<p style=\"text-align: center;\">Die Ausstellung wird ab dem 16.05.2024 im Kunstraum des Konfuzius-Institut N\u00fcrnberg fortgesetzt.<\/p>\n<p>[\/et_pb_text][et_pb_button button_url=&#8220;https:\/\/www.krakauer-haus.de\/kh-test\/wp-content\/uploads\/2024\/04\/KH-Flyer-2024-Sala-Cheong-Kopie.pdf&#8220; button_text=&#8220;FLYER&#8220; button_alignment=&#8220;center&#8220; _builder_version=&#8220;4.25.0&#8243; _module_preset=&#8220;default&#8220; global_colors_info=&#8220;{}&#8220;][\/et_pb_button][\/et_pb_column][\/et_pb_row][et_pb_row _builder_version=&#8220;4.25.0&#8243; _module_preset=&#8220;default&#8220; global_colors_info=&#8220;{}&#8220;][et_pb_column type=&#8220;4_4&#8243; _builder_version=&#8220;4.25.0&#8243; _module_preset=&#8220;default&#8220; global_colors_info=&#8220;{}&#8220;][et_pb_divider _builder_version=&#8220;4.25.0&#8243; _module_preset=&#8220;default&#8220; min_height=&#8220;106px&#8220; global_colors_info=&#8220;{}&#8220;][\/et_pb_divider][et_pb_gallery gallery_ids=&#8220;11197,11198,11199,11200,11201,11202,11203,11204,11205,11207,11208,11209,11210,11211&#8243; fullwidth=&#8220;on&#8220; _builder_version=&#8220;4.27.3&#8243; _module_preset=&#8220;default&#8220; auto=&#8220;on&#8220; auto_speed=&#8220;2000&#8243; hover_enabled=&#8220;0&#8243; global_colors_info=&#8220;{}&#8220; sticky_enabled=&#8220;0&#8243;][\/et_pb_gallery][et_pb_text _builder_version=&#8220;4.27.3&#8243; _module_preset=&#8220;default&#8220; hover_enabled=&#8220;0&#8243; global_colors_info=&#8220;{}&#8220; sticky_enabled=&#8220;0&#8243;]<\/p>\n<p>Fotos: Khrystyna Jalowa und Heike Hahn<\/p>\n<p>[\/et_pb_text][\/et_pb_column][\/et_pb_row][\/et_pb_section][et_pb_section fb_built=&#8220;1&#8243; _builder_version=&#8220;4.19.5&#8243; _module_preset=&#8220;default&#8220; global_colors_info=&#8220;{}&#8220;][et_pb_row _builder_version=&#8220;4.19.5&#8243; _module_preset=&#8220;default&#8220; global_colors_info=&#8220;{}&#8220;][et_pb_column type=&#8220;4_4&#8243; _builder_version=&#8220;4.19.5&#8243; _module_preset=&#8220;default&#8220; global_colors_info=&#8220;{}&#8220;][et_pb_text _builder_version=&#8220;4.25.0&#8243; _module_preset=&#8220;default&#8220; global_colors_info=&#8220;{}&#8220;]<\/p>\n<h4><b>Liebesgr\u00fc\u00dfe<\/b><b> <\/b><b>aus<\/b><b> <\/b><b>Kopenhagen<\/b><b> <\/b><b>&#8211;<\/b><\/h4>\n<h4><b>Experimentelle<\/b><b> <\/b><b>Autoethnographie<\/b><b> <\/b><b>von Marta Stanis\u0142awa<\/b><b> <\/b><b>Sala und<\/b><b> <\/b><b>Cheong<\/b><b> <\/b><b>Kin Man<\/b><\/h4>\n<p>&nbsp;<\/p>\n<p style=\"text-align: justify;\">In ihrer gemeinsamen Ausstellung, kreiert das K\u00fcnstler*innenpaar Marta Stanis\u0142awa Sala und Cheong Kin Man seine \u201efantasievolle und experimentelle\u201c Erz\u00e4hlung, die die Migrationsgeschichte widerspiegelt und dabei mittelalterliche und Post-Renaissance-Reisen von Europa nach Macau vermischt.<br \/>Eine weitere Dimension dieser mehrschichtigen Ausstellung ist die Sprachdekonstruktion. In Zusammenarbeit mit Sala wird Cheong seine unvollendete Doktorarbeit \u00fcber etymologische Dekonstruktion in die Tat umsetzen, indem er weiterhin fiktive Ideogramme schafft.<br \/>Die Krakauer K\u00fcnstlerin Sala (geboren 1985 in Kattowitz) und Cheong (geboren 1987 im ehemaligen portugiesischen Macau) vereinen ihre kombinierten Praktiken in den Bereichen Kunst und visuelle Anthropologie, um Text und Textil sowie Video zu verbinden.<\/p>\n<p style=\"text-align: justify;\">Die Ausstellung beginnt mit einem lebensgro\u00dfen Selbstportr\u00e4t des Duos als frisch verheiratetes Paar im Kopenhagener Rathaus, um das herum unter anderem Portr\u00e4ts ihrer Familienmitglieder pr\u00e4sentiert werden: etwa wie Cheongs Vater, der in den 1970er Jahren den Blicken der chinesischen Grenzsoldaten entkam und das portugiesische Macau erreichte, oder<span class=\"Apple-converted-space\">\u00a0<\/span> Salas Gro\u00dfvater &#8211; ein polnischer Soldat mit seinem j\u00fcngeren Bruder, der im Zweiten Weltkrieg zur Wehrmacht eingezogen wurde.<br \/>Die Ausstellung enth\u00e4lt au\u00dferdem Bez\u00fcge zum polnischen Abenteurer Moritz Benjowski (dargestellt als Kater in der Ausstellung), der 1771 mit seiner Geliebten bis nach Macau floh, zum Werk des polnischen Jesuiten Micha\u0142 Boym zur Naturgeschichte Chinas \u201eFlora Sinensis\u201c (1656) und zum portugiesischen mittelalterlichen \u201eL\u00fcgner\u201c und Asien-Entdecker Ferdinand Mendez Pinto.<\/p>\n<p style=\"text-align: justify;\">Sala und Cheong begannen seit 2021 intensiv zusammenzuarbeiten, als Sala Cheong einlud, sich der vom Berliner Senat gef\u00f6rderten Community-Art-Initiative \u201eArbeitspause im G\u00f6rli \u2013 K\u00fcnstlerische Beziehungssysteme im \u00f6ffentlichen Raum\u201c anzuschlie\u00dfen.<br \/>Seitdem haben sie an mehreren Projekten zusammengearbeitet, darunter \u201eOstgeld f\u00fcr Geister\u201c (fiktive Banknoten) f\u00fcr das Begehungen Festival (2022), sowie \u201eSonnenschirm\u201c (2022) in Textilen, in dem die primitive chinesische Schrift k\u00fcnstlerisch neu erfunden wurde.<br \/>Im Auftrag von Lam Sio Man, Kuratorin des Macau-Pavillons 2019 auf der Venediger\u00a0 Biennale, war Salas und Cheongs neueste Arbeit \u201eApokalypsen&#8220;, eine Textil- und\u00a0Videoinstallation mit einer k\u00fcnstlerischer Publikation, letztes Jahr Teil der Macau Biennale.<\/p>\n<p style=\"text-align: justify;\">\u00a0Sala studierte Malerei in Krakau und Kunst im Kontext in Berlin, Cheong visuelle Anthropologie.<\/p>\n<p>[\/et_pb_text][\/et_pb_column][\/et_pb_row][\/et_pb_section]<\/p>\n","protected":false},"excerpt":{"rendered":"<p>VERNISSAGE: 19. APRIL,  18 Uhr<br \/>\n19. APRIL &#8211; 17. MAI<br \/>\nKH \/ Krakauer Haus Galerie<\/p>\n","protected":false},"author":2,"featured_media":10512,"comment_status":"closed","ping_status":"closed","sticky":false,"template":"","format":"aside","meta":{"_et_pb_use_builder":"on","_et_pb_old_content":"","_et_gb_content_width":"","_price":"","_stock":"","_tribe_ticket_header":"","_tribe_default_ticket_provider":"","_tribe_ticket_capacity":"0","_ticket_start_date":"","_ticket_end_date":"","_tribe_ticket_show_description":"","_tribe_ticket_show_not_going":false,"_tribe_ticket_use_global_stock":"","_tribe_ticket_global_stock_level":"","_global_stock_mode":"","_global_stock_cap":"","_tribe_rsvp_for_event":"","_tribe_ticket_going_count":"","_tribe_ticket_not_going_count":"","_tribe_tickets_list":"[]","_tribe_ticket_has_attendee_info_fields":false,"footnotes":""},"categories":[28,46],"tags":[],"class_list":["post-10502","post","type-post","status-publish","format-aside","has-post-thumbnail","hentry","category-ausstellung","category-kunstaktion","post_format-post-format-aside"],"_links":{"self":[{"href":"https:\/\/www.krakauer-haus.de\/kh-test\/index.php\/wp-json\/wp\/v2\/posts\/10502","targetHints":{"allow":["GET"]}}],"collection":[{"href":"https:\/\/www.krakauer-haus.de\/kh-test\/index.php\/wp-json\/wp\/v2\/posts"}],"about":[{"href":"https:\/\/www.krakauer-haus.de\/kh-test\/index.php\/wp-json\/wp\/v2\/types\/post"}],"author":[{"embeddable":true,"href":"https:\/\/www.krakauer-haus.de\/kh-test\/index.php\/wp-json\/wp\/v2\/users\/2"}],"replies":[{"embeddable":true,"href":"https:\/\/www.krakauer-haus.de\/kh-test\/index.php\/wp-json\/wp\/v2\/comments?post=10502"}],"version-history":[{"count":12,"href":"https:\/\/www.krakauer-haus.de\/kh-test\/index.php\/wp-json\/wp\/v2\/posts\/10502\/revisions"}],"predecessor-version":[{"id":11213,"href":"https:\/\/www.krakauer-haus.de\/kh-test\/index.php\/wp-json\/wp\/v2\/posts\/10502\/revisions\/11213"}],"wp:featuredmedia":[{"embeddable":true,"href":"https:\/\/www.krakauer-haus.de\/kh-test\/index.php\/wp-json\/wp\/v2\/media\/10512"}],"wp:attachment":[{"href":"https:\/\/www.krakauer-haus.de\/kh-test\/index.php\/wp-json\/wp\/v2\/media?parent=10502"}],"wp:term":[{"taxonomy":"category","embeddable":true,"href":"https:\/\/www.krakauer-haus.de\/kh-test\/index.php\/wp-json\/wp\/v2\/categories?post=10502"},{"taxonomy":"post_tag","embeddable":true,"href":"https:\/\/www.krakauer-haus.de\/kh-test\/index.php\/wp-json\/wp\/v2\/tags?post=10502"}],"curies":[{"name":"wp","href":"https:\/\/api.w.org\/{rel}","templated":true}]}}