{"id":10421,"date":"2024-04-07T15:39:18","date_gmt":"2024-04-07T13:39:18","guid":{"rendered":"https:\/\/www.krakauer-haus.de\/kh-test\/?p=10421"},"modified":"2024-04-12T10:15:36","modified_gmt":"2024-04-12T08:15:36","slug":"presse-liebesgruesse-19-4-16-5","status":"publish","type":"post","link":"https:\/\/www.krakauer-haus.de\/kh-test\/index.php\/2024\/04\/07\/presse-liebesgruesse-19-4-16-5\/","title":{"rendered":"PRESSE: Liebesgruesse 19.4.-16.5."},"content":{"rendered":"<p>[et_pb_section fb_built=&#8220;1&#8243; _builder_version=&#8220;4.23.2&#8243; _module_preset=&#8220;default&#8220; global_colors_info=&#8220;{}&#8220;][et_pb_row _builder_version=&#8220;4.23.2&#8243; _module_preset=&#8220;default&#8220; global_colors_info=&#8220;{}&#8220;][et_pb_column type=&#8220;4_4&#8243; _builder_version=&#8220;4.23.2&#8243; _module_preset=&#8220;default&#8220; global_colors_info=&#8220;{}&#8220;][et_pb_image src=&#8220;https:\/\/www.krakauer-haus.de\/kh-test\/wp-content\/uploads\/2024\/04\/Insta-for-KH.jpg&#8220; title_text=&#8220;Insta for KH&#8220; _builder_version=&#8220;4.23.2&#8243; _module_preset=&#8220;default&#8220; global_colors_info=&#8220;{}&#8220;][\/et_pb_image][et_pb_image src=&#8220;https:\/\/www.krakauer-haus.de\/kh-test\/wp-content\/uploads\/2024\/01\/3-M.Sala_Ch.KinMan_Foto-Johannes-RichterBegehungen-Festival-scaled.jpg&#8220; title_text=&#8220;3 M.Sala_Ch.KinMan_Foto Johannes Richter:Begehungen Festival&#8220; _builder_version=&#8220;4.23.2&#8243; _module_preset=&#8220;default&#8220; global_colors_info=&#8220;{}&#8220;][\/et_pb_image][et_pb_button button_url=&#8220;https:\/\/www.krakauer-haus.de\/kh-test\/wp-content\/uploads\/2024\/04\/KH-Flyer-2024-Sala-Cheong-Kopie.pdf&#8220; button_text=&#8220;FLYER&#8220; button_alignment=&#8220;center&#8220; _builder_version=&#8220;4.23.2&#8243; _module_preset=&#8220;default&#8220; global_colors_info=&#8220;{}&#8220;][\/et_pb_button][et_pb_button button_url=&#8220;https:\/\/www.krakauer-haus.de\/kh-test\/wp-content\/uploads\/2024\/04\/Liebesgruesse_fotos_presse.zip&#8220; button_text=&#8220;FOTOS Presse&#8220; button_alignment=&#8220;center&#8220; _builder_version=&#8220;4.23.2&#8243; _module_preset=&#8220;default&#8220; global_colors_info=&#8220;{}&#8220;][\/et_pb_button][et_pb_button button_text=&#8220;Text.odt&#8220; _builder_version=&#8220;4.24.3&#8243; _module_preset=&#8220;default&#8220; hover_enabled=&#8220;0&#8243; sticky_enabled=&#8220;0&#8243; button_url=&#8220;https:\/\/www.krakauer-haus.de\/kh-test\/wp-content\/uploads\/2024\/04\/presse-LIEBESGRUessE-Krakauer-Haus-Galerie.odt&#8220; button_alignment=&#8220;center&#8220;][\/et_pb_button][et_pb_text _builder_version=&#8220;4.23.2&#8243; _module_preset=&#8220;default&#8220; global_colors_info=&#8220;{}&#8220;]<\/p>\n<p style=\"text-align: center;\"><b>KALENDARIUM<br \/>der Ausstellung<\/b><\/p>\n<h1 style=\"text-align: center;\"><b>19.04.2024, Freitag<\/b><\/h1>\n<p style=\"text-align: center;\"><b>18.00 UHR<br \/><em>VERNISSAGE<\/em>\u00a0\u00a0<\/b>\/ Krakauer Haus Galerie<\/p>\n<h1 style=\"text-align: center;\"><b>21.04.2024, Sonntag<\/b><\/h1>\n<p style=\"text-align: center;\"><b>14-18 UHR<\/b><br \/><b><i>ALLTAG<\/i> PERFORMANCE<\/b> \/ Krakauer Haus Galerie<\/p>\n<h1 style=\"text-align: center;\"><b>16.05.2024, Donnerstag<\/b><\/h1>\n<p style=\"text-align: center;\"><b>17 UHR<br \/><i>UMZUG <\/i>PERFORMANCE \/\u00a0<\/b>Treffpunkt: vor dem Krakauer Haus<\/p>\n<p style=\"text-align: center;\">Anschlisslich um <b>18 Uhr<br \/><em>Vernissage im KUNSTRAUM<\/em><\/b> des Konfuzius-Instituts, Pirckheimerstra\u00dfe 36<\/p>\n<p>[\/et_pb_text][et_pb_divider color=&#8220;#8300E9&#8243; divider_weight=&#8220;4px&#8220; _builder_version=&#8220;4.23.2&#8243; _module_preset=&#8220;default&#8220; global_colors_info=&#8220;{}&#8220;][\/et_pb_divider][et_pb_text _builder_version=&#8220;4.24.3&#8243; _module_preset=&#8220;default&#8220; hover_enabled=&#8220;0&#8243; global_colors_info=&#8220;{}&#8220; sticky_enabled=&#8220;0&#8243;]<\/p>\n<p><span>Drei Wochen lang haben zwei K\u00fcnstler*innen, die im Krakauer Turm eingesperrt waren, hier ihr tempor\u00e4res Zuhause,<span class=\"Apple-converted-space\">\u00a0 <\/span>Atelier und ihren Erlebnisraum eingerichtet.<\/span><\/p>\n<p><span>N\u00e4hstube, Mal- und Filmstudio &#8211; eine Vielzahl von Medien und Erfahrungen f\u00fcr alle Sinne.<\/span><span><\/span><\/p>\n<p><span>Der Turm befindet sich derzeit in einer sehr dynamischen Metamorphose. Wir warten gespannt auf den Tag der Er\u00f6ffnung, an dem die R\u00e4ume ihre endg\u00fcltige Gestalt annehmen werden.<\/span><\/p>\n<p><span>Ein junges Ehepaar:<span class=\"Apple-converted-space\">\u00a0<br \/><\/span><\/span><span>Sie &#8211; Malerin, Performerin, bildende K\u00fcnstlerin<span class=\"Apple-converted-space\">\u00a0<br \/><\/span><\/span><span>Er &#8211; Anthropologe und Linguist, laden uns ein in eine facettenreiche Welt der Andeutungen, Wortspiele, Bilder und Symbole, der Suche nach Identit\u00e4t un universellen Wahrheiten.<\/span><\/p>\n<p><span><\/span><\/p>\n<p><span>Die Ausstellung wird am Freitag, den 19.4. um 18.00 Uhr er\u00f6ffnet.<br \/><\/span><span>Am Sonntag, den 21.4. laden wir Sie zu einer Performance der K\u00fcnstler ein, die von 14 bis 18 Uhr im Turm des Krakauer Hauses statt findet.<\/span><span><\/span><\/p>\n<p><span>Das Ende der Ausstellung wird der Beginn einer neuen Ausstellung sein.<span class=\"Apple-converted-space\">\u00a0<br \/><\/span><\/span><span>Am Donnerstag, den 16.05. laden wir Euch zur Finissage ein: Die Performance startet im Krakauer Haus und endet im Kunstraum des Konfuzius Instituts.<br \/><\/span><span>Denn manchmal ist das Leben von K\u00fcnstlern: nomadisch und pausenlos.<\/span><\/p>\n<p><span><\/span><\/p>\n<p><span>Die Ausstellung von Marta Stanis\u0142awa Sala und Cheong Kin Man ist eine autoethnografische Erz\u00e4hlung, welche sich anhand von gesammelten und verarbeiteten Objekten, Textilien, einer k\u00fcnstlerischen Publikation und einem Video \u00fcber die K\u00fcnstler, ihre Familien und ihre Geschichten entfaltet. Die Darstellungen thematisieren zugleich idealistische, wie auch utopische Hoffnungen auf der Suche nach Freiheit und Gl\u00fcck, w\u00e4hrend die K\u00fcnstler*Innen mit verschiedenen Herausforderungen konfrontiert sind. Die Erz\u00e4hlung wird von einer Dekonstruktion auf sprachlicher, stilistischer und semantischer Ebene begleitet.<\/span><\/p>\n<p>[\/et_pb_text][et_pb_divider color=&#8220;#8300E9&#8243; divider_weight=&#8220;4px&#8220; _builder_version=&#8220;4.23.2&#8243; _module_preset=&#8220;default&#8220; global_colors_info=&#8220;{}&#8220;][\/et_pb_divider][et_pb_text _builder_version=&#8220;4.24.3&#8243; _module_preset=&#8220;default&#8220; hover_enabled=&#8220;0&#8243; global_colors_info=&#8220;{}&#8220; sticky_enabled=&#8220;0&#8243;]<\/p>\n<p><span>TEXT lang:<\/span><\/p>\n<p><span><\/span><\/p>\n<p><span><b>Liebesgr\u00fc\u00dfe aus Kopenhagen &#8211;<\/b><\/span><\/p>\n<p><span><b>Experimentelle Autoethnographie von Marta Stanis\u0142awa Sala und Cheong Kin Man<\/b><\/span><\/p>\n<p><span><\/span><\/p>\n<p><span><\/span><\/p>\n<p><span>In ihrer ersten gemeinsamen Ausstellung, kreiert das K\u00fcnstler*innenpaar Marta Stanis\u0142awa Sala und Cheong Kin Man seine \u201efantasievolle und experimentelle\u201c Erz\u00e4hlung, die die Migrationsgeschichte widerspiegelt und dabei mittelalterliche und Post-Renaissance-Reisen von Europa nach Macau vermischt.<\/span><\/p>\n<p><span><\/span><\/p>\n<p><span>Eine weitere Dimension dieser mehrschichtigen Ausstellung ist die Sprachdekonstruktion. In Zusammenarbeit mit Sala wird Cheong seine unvollendete Doktorarbeit \u00fcber etymologische Dekonstruktion in die Tat umsetzen, indem er weiterhin fiktive Ideogramme schafft.<\/span><\/p>\n<p><span><\/span><\/p>\n<p><span><\/span><\/p>\n<p><span>Die Krakauer K\u00fcnstlerin Marta Stanis\u0142awa Sala (geboren 1985 in Kattowitz) und Cheong Kin Man (geboren 1987 im ehemaligen portugiesischen Macau) vereinen ihre<span class=\"Apple-converted-space\">\u00a0 <\/span>Praktiken in den Bereichen Kunst und visueller Anthropologie, um Text und Textil sowie Video.<span class=\"Apple-tab-span\"> <\/span><\/span><span>Foto 1: Johannes Richter<\/span><\/p>\n<p><span><\/span><\/p>\n<p><span>Die Ausstellung beginnt mit einem lebensgro\u00dfen Selbstportr\u00e4t des Duos als frisch verheiratetes Paar im Kopenhagener Rathaus, um das herum unter anderem Portr\u00e4ts ihrer Familienmitglieder pr\u00e4sentiert werden: etwa wie Cheongs Vater, der in den 1970er Jahren den Blicken der chinesischen Grenzsoldaten entkam und das portugiesische Macau erreichte, oder Salas Gro\u00dfvater &#8211; ein polnischer Soldat mit seinem j\u00fcngeren Bruder, der im Zweiten Weltkrieg zur Wehrmacht eingezogen wurde.<\/span><\/p>\n<p><span><\/span><\/p>\n<p><span>Die Ausstellung enth\u00e4lt au\u00dferdem Bez\u00fcge zum polnischen Abenteurer Moritz Benjowski (dargestellt als Kater in der Ausstellung), der 1771 mit seiner Geliebten bis nach Macau floh, zum Werk des polnischen Jesuiten Micha\u0142 Boym zur Naturgeschichte Chinas \u201eFlora Sinensis\u201c (1656) und zum portugiesischen mittelalterlichen \u201eL\u00fcgner\u201c und Asien-Entdecker Ferdinand Mendez Pinto.<\/span><\/p>\n<p><span><\/span><\/p>\n<p><span>Sala und Cheong begannen seit 2021 intensiv zusammenzuarbeiten, als Sala Cheong einlud, sich der vom Berliner Senat gef\u00f6rderten Community-Art-Initiative \u201eArbeitspause im G\u00f6rli \u2013 K\u00fcnstlerische Beziehungssysteme im \u00f6ffentlichen Raum<\/span><span>\u201c<\/span><span> anzuschlie\u00dfen.<\/span><\/p>\n<p><span><\/span><\/p>\n<p><span>Seitdem haben sie an mehreren Projekten zusammengearbeitet, darunter \u201eOstgeld f\u00fcr Geister\u201c (fiktive Banknoten) f\u00fcr das Begehungen Festival (2022), sowie \u201eSonnenschirm<\/span><span>\u201c<\/span><span> (2022) in Textilen, in dem die primitive chinesische Schrift k\u00fcnstlerisch neu erfunden wurde.<\/span><\/p>\n<p><span><\/span><\/p>\n<p><span>Im Auftrag von Lam Sio Man, Kuratorin des Macau-Pavillons 2019 auf der Venediger<span class=\"Apple-converted-space\">\u00a0 <\/span>Biennale, war Salas und Cheongs neueste Arbeit \u201eApokalypsen&#8220;, eine Textil- und Videoinstallation mit einer k\u00fcnstlerischer Publikation, letztes Jahr Teil der Macau Biennale.<\/span><\/p>\n<p><span><\/span><\/p>\n<p><span>Sala studierte Malerei in Krakau und Kunst im Kontext in Berlin, Cheong visuelle Anthropologie.<\/span><\/p>\n<p>&nbsp;<\/p>\n<p>[\/et_pb_text][et_pb_divider color=&#8220;#8300E9&#8243; divider_weight=&#8220;4px&#8220; _builder_version=&#8220;4.23.2&#8243; _module_preset=&#8220;default&#8220; global_colors_info=&#8220;{}&#8220;][\/et_pb_divider][et_pb_text _builder_version=&#8220;4.24.3&#8243; _module_preset=&#8220;default&#8220; hover_enabled=&#8220;0&#8243; global_colors_info=&#8220;{}&#8220; sticky_enabled=&#8220;0&#8243;]<\/p>\n<p><span>TEXT kurz:<\/span><\/p>\n<p><span><\/span><\/p>\n<p><span><b>\u201eLiebesgr\u00fcsse aus Kopenhagen<\/b><\/span><span>\u201c<\/span><\/p>\n<p><span><\/span><\/p>\n<p><span>Ein frisch verheiratetes Paar sendet seine Gr\u00fc\u00dfe aus Kopenhagen. Verflochten mit einer interkontinentalen famili\u00e4ren Migrationsgeschichte \u2013 vom Vorkriegs-Sibirien und Vilnius bis zum heutigen Berlin, vom kommunistischen China bis zum portugiesischen Macau \u2013 ist die experimentelle Sprach- und Videocollage \u201eLiebesgr\u00fcsse aus Kopenhagen\u201c eine nichtlineare und k\u00fcnstlerische Autoethnographie, die moderne Diaspora untersucht und mit der (fast) Derridischen Dekonstruktion von Texten spielt.<\/span><\/p>\n<p><span><\/span><\/p>\n<p><span>Marta Stanis\u0142awa Sala und Cheong Kin Man bringen Textilien und Text mit und drehen diesen experimentellen Film nach ihrer fiktiven Banknoten- und Videoinstallation beim Begehungen Festival 2022 und der Textil- und Videoinstallation \u201eApokalypsen,\u201c die f\u00fcr die Macau Biennale 2023 in Auftrag gegeben wurde.<\/span><\/p>\n<p><span><\/span><\/p>\n<p><span>Gemeinsam haben sie ein Remake von Cheongs preisgekr\u00f6nter experimenteller visuellen Ethnografie, \u201eEine nutzlose Fiktion,\u201c f\u00fcr Mosambiks portugiesischsprachiges Filmfestival 2023 in Maputo gemacht.<\/span><\/p>\n<p>[\/et_pb_text][\/et_pb_column][\/et_pb_row][\/et_pb_section][et_pb_section fb_built=&#8220;1&#8243; _builder_version=&#8220;4.23.2&#8243; _module_preset=&#8220;default&#8220; global_colors_info=&#8220;{}&#8220;][et_pb_row _builder_version=&#8220;4.23.2&#8243; _module_preset=&#8220;default&#8220; global_colors_info=&#8220;{}&#8220;][et_pb_column type=&#8220;4_4&#8243; _builder_version=&#8220;4.23.2&#8243; _module_preset=&#8220;default&#8220; global_colors_info=&#8220;{}&#8220;][et_pb_image src=&#8220;https:\/\/www.krakauer-haus.de\/kh-test\/wp-content\/uploads\/2024\/04\/NUR-FA\u009cR-DIE-PRINTPRESSE-Marta-Sala-Pudlo_z_kulafot-Adam-Gut-2000px.jpg&#8220; title_text=&#8220;NICOLA_SSRENGER&#8220; _builder_version=&#8220;4.23.2&#8243; _module_preset=&#8220;default&#8220; global_colors_info=&#8220;{}&#8220;][\/et_pb_image][\/et_pb_column][\/et_pb_row][\/et_pb_section]<\/p>\n","protected":false},"excerpt":{"rendered":"<p>KALENDARIUMder Ausstellung 19.04.2024, Freitag 18.00 UHRVERNISSAGE\u00a0\u00a0\/ Krakauer Haus Galerie 21.04.2024, Sonntag 14-18 UHRALLTAG PERFORMANCE \/ Krakauer Haus Galerie 16.05.2024, Donnerstag 17 UHRUMZUG PERFORMANCE \/\u00a0Treffpunkt: vor dem Krakauer Haus Anschlisslich um [&hellip;]<\/p>\n","protected":false},"author":2,"featured_media":0,"comment_status":"closed","ping_status":"closed","sticky":false,"template":"","format":"aside","meta":{"_et_pb_use_builder":"on","_et_pb_old_content":"","_et_gb_content_width":"","_price":"","_stock":"","_tribe_ticket_header":"","_tribe_default_ticket_provider":"","_tribe_ticket_capacity":"0","_ticket_start_date":"","_ticket_end_date":"","_tribe_ticket_show_description":"","_tribe_ticket_show_not_going":false,"_tribe_ticket_use_global_stock":"","_tribe_ticket_global_stock_level":"","_global_stock_mode":"","_global_stock_cap":"","_tribe_rsvp_for_event":"","_tribe_ticket_going_count":"","_tribe_ticket_not_going_count":"","_tribe_tickets_list":"[]","_tribe_ticket_has_attendee_info_fields":false,"footnotes":""},"categories":[28],"tags":[],"class_list":["post-10421","post","type-post","status-publish","format-aside","hentry","category-ausstellung","post_format-post-format-aside"],"_links":{"self":[{"href":"https:\/\/www.krakauer-haus.de\/kh-test\/index.php\/wp-json\/wp\/v2\/posts\/10421","targetHints":{"allow":["GET"]}}],"collection":[{"href":"https:\/\/www.krakauer-haus.de\/kh-test\/index.php\/wp-json\/wp\/v2\/posts"}],"about":[{"href":"https:\/\/www.krakauer-haus.de\/kh-test\/index.php\/wp-json\/wp\/v2\/types\/post"}],"author":[{"embeddable":true,"href":"https:\/\/www.krakauer-haus.de\/kh-test\/index.php\/wp-json\/wp\/v2\/users\/2"}],"replies":[{"embeddable":true,"href":"https:\/\/www.krakauer-haus.de\/kh-test\/index.php\/wp-json\/wp\/v2\/comments?post=10421"}],"version-history":[{"count":7,"href":"https:\/\/www.krakauer-haus.de\/kh-test\/index.php\/wp-json\/wp\/v2\/posts\/10421\/revisions"}],"predecessor-version":[{"id":10440,"href":"https:\/\/www.krakauer-haus.de\/kh-test\/index.php\/wp-json\/wp\/v2\/posts\/10421\/revisions\/10440"}],"wp:attachment":[{"href":"https:\/\/www.krakauer-haus.de\/kh-test\/index.php\/wp-json\/wp\/v2\/media?parent=10421"}],"wp:term":[{"taxonomy":"category","embeddable":true,"href":"https:\/\/www.krakauer-haus.de\/kh-test\/index.php\/wp-json\/wp\/v2\/categories?post=10421"},{"taxonomy":"post_tag","embeddable":true,"href":"https:\/\/www.krakauer-haus.de\/kh-test\/index.php\/wp-json\/wp\/v2\/tags?post=10421"}],"curies":[{"name":"wp","href":"https:\/\/api.w.org\/{rel}","templated":true}]}}