{"id":5566,"global_id":"www.krakauer-haus.de\/kh-test?id=5566","global_id_lineage":["www.krakauer-haus.de\/kh-test?id=5566"],"author":"2","status":"publish","date":"2020-08-25 21:48:49","date_utc":"2020-08-25 19:48:49","modified":"2020-09-20 23:15:05","modified_utc":"2020-09-20 21:15:05","url":"https:\/\/www.krakauer-haus.de\/kh-test\/index.php\/event\/kinga-glyk-trio-e-werk-erlangen\/","rest_url":"https:\/\/www.krakauer-haus.de\/kh-test\/index.php\/wp-json\/tribe\/events\/v1\/events\/5566","title":"Kinga Glyk Trio \u2022 E-Werk \u2022 Erlangen","description":"<p>[et_pb_section fb_built=&#8220;1&#8243; _builder_version=&#8220;4.5.6&#8243; _module_preset=&#8220;default&#8220; locked=&#8220;off&#8220;][et_pb_row _builder_version=&#8220;4.5.6&#8243; _module_preset=&#8220;default&#8220;][et_pb_column type=&#8220;4_4&#8243; _builder_version=&#8220;4.5.6&#8243; _module_preset=&#8220;default&#8220;][et_pb_image src=&#8220;http:\/\/www.krakauer-haus.de\/kh-test\/wp-content\/uploads\/2020\/08\/Kinga-Glyk-Trio-verlegt.jpg&#8220; title_text=&#8220;Kinga G\u0142yk Trio verlegt&#8220; _builder_version=&#8220;4.6.0&#8243; _module_preset=&#8220;default&#8220;][\/et_pb_image][et_pb_text _builder_version=&#8220;4.5.6&#8243; _module_preset=&#8220;default&#8220;]<\/p>\n<p>Kinga Glyk Trio \u2022 E-Werk \u2022 Erlangen<\/p>\n<div class=\"kvgmc6g5 cxmmr5t8 oygrvhab hcukyx3x c1et5uql\">Kinga Glyk Trio<\/div>\n<div class=\"kvgmc6g5 cxmmr5t8 oygrvhab hcukyx3x c1et5uql\"><strong>DAS KONZERT WURDE AUF 21.09.2021 VERLEGT!!!<\/strong><\/div>\n<div class=\"kvgmc6g5 cxmmr5t8 oygrvhab hcukyx3x c1et5uql\"><strong><\/strong><\/div>\n<div class=\"kvgmc6g5 cxmmr5t8 oygrvhab hcukyx3x c1et5uql\">Veranstaltungsort: \u00a0E-Werk Erlangen, Saal<br \/>Einlass \/\/\/ 19 Uhr<br \/>Beginn \/\/\/ 20 Uhr<\/div>\n<div>Tickets: <a href=\"https:\/\/www.e-werk.de\/konzerte\/konzerte\/0\/2020-10-21-kinga-glyk-trio\/\">hier\u00a0<\/a><\/div>\n<div><\/div>\n<div class=\"kvgmc6g5 cxmmr5t8 oygrvhab hcukyx3x c1et5uql\">In Rahmen des\u00a0<strong>PolenAllergie Festivals<\/strong><\/div>\n<div><\/div>\n<div class=\"o9v6fnle cxmmr5t8 oygrvhab hcukyx3x c1et5uql\">Wenn es Schlagzeilen in der Jazzszene der letzten 24 Monate gab, dann hat sie diese junge Frau aus Polen gemacht \u2013 Kinga Glyk. Da kam eine gerade mal 20-J\u00e4hrige aus unserem Nachbarland und sorgte \u2013 wie keine Jazzmusikerin vor ihr &#8211; mit unvorstellbaren Klickzahlen ihres \u201eTears in Heaven\u201c -Videos f\u00fcr Furore. Im Anschluss daran war sie fast ununterbrochen auf Tournee \u2013 spielte kleine Clubs und gro\u00dfe Festivals. Es gab praktisch kein Programmheft, das sie nicht mit ihrem Konterfei als Titelbild schm\u00fcckte, selbst bei der Philharmonie K\u00f6ln. Innerhalb k\u00fcrzester Zeit berichteten viele TV Stationen \u00fcber Kinga, die Magazine wollten ihre Story, Fachbl\u00e4tter rissen sich um sie und so erreichte sie einen enormen Bekanntheitsgrad. Sie wurde vom Liebling der Sozialen Medien zum wahren Konzertpublikumsliebling.<br \/>Diese bildh\u00fcbsche junge Frau katapultiert mit ihrer frischen, unverbrauchten Art und geballten Jugendpower den Jazz in eine neue Umlaufbahn. Und auch wenn ihr Start in die Musikkarriere kometenhaft von statten ging, h\u00f6rt man doch im Spiel von Kinga, dass ihr ganzes Leben \u2013 im Schoss einer hochmusikalischen Familie \u2013 durch die Musik gepr\u00e4gt wurde.<\/div>\n<div class=\"o9v6fnle cxmmr5t8 oygrvhab hcukyx3x c1et5uql\">\u201eAls ich ein kleines M\u00e4dchen war, habe ich immer so getan, als w\u00e4re ich selbst eine Bassistin, und ich wusste immer, dass ich Bass spielen wollte. F\u00fcr mich ist es das beste Instrument der Welt\u201c. Und was f\u00fcr einen wunderbaren Weg ist sie gegangen, um sich diesen Traum zu erf\u00fcllen. Sie wurde nicht von einem Gro\u00dfmeister des Jazz als h\u00fcbsche Side-Woman auf Tour geschleppt, sondern hat ihre Karriere v\u00f6llig allein \u2013 im Schneidersitz auf dem Boden sitzend und mit dem traurigen Megahit von Eric Clapton \u2013 vor der Kamera interpretiert. Und nur kurze Zeit sp\u00e4ter f\u00fcllt sie Konzertpl\u00e4tze mit ihrem eigenen Namen. Kein Wunder also, dass ihre erste CD bei einer Schallplatten Major Company \u201eDream\u201c hie\u00df. Und es sieht so aus, als ob die Erfolgsstory weitergeht, jetzt erschien bei Warner Music ihr CD \u201eFeelings\u201c mit brandneuer Musik getr\u00e4nkt von Blues, Funk, Soul und Jazz und in einer neuen Besetzung. Auch auf Tour wird sie ein v\u00f6llig neues Line-Up pr\u00e4sentieren. Und auf der B\u00fchne ist es dann Zeit, gro\u00dfe Gef\u00fchle zu zeigen.<\/div>\n<div><\/div>\n<div>Veranstalter:<\/div>\n<div>Kulturzentrum Krakauer Haus<\/div>\n<div>Kulturzentrum E-Werk<\/div>\n<div><\/div>\n<div>Aktuelle Infos: <a href=\"https:\/\/www.e-werk.de\/konzerte\/konzerte\/0\/2020-10-21-kinga-glyk-trio\/\">hier<\/a><\/div>\n<div><\/div>\n<div><\/div>\n<div><img loading=\"lazy\" decoding=\"async\" class=\"wp-image-4239 alignnone size-large\" src=\"http:\/\/www.krakauer-haus.de\/kh-test\/wp-content\/uploads\/2019\/10\/polen_allergie_elements-01-1024x1010.png\" alt=\"\" width=\"1024\" height=\"1010\" srcset=\"https:\/\/www.krakauer-haus.de\/kh-test\/wp-content\/uploads\/2019\/10\/polen_allergie_elements-01-1024x1010.png 1024w, https:\/\/www.krakauer-haus.de\/kh-test\/wp-content\/uploads\/2019\/10\/polen_allergie_elements-01-300x296.png 300w, https:\/\/www.krakauer-haus.de\/kh-test\/wp-content\/uploads\/2019\/10\/polen_allergie_elements-01-768x757.png 768w, https:\/\/www.krakauer-haus.de\/kh-test\/wp-content\/uploads\/2019\/10\/polen_allergie_elements-01-1080x1065.png 1080w, https:\/\/www.krakauer-haus.de\/kh-test\/wp-content\/uploads\/2019\/10\/polen_allergie_elements-01.png 1225w\" sizes=\"(max-width: 1024px) 100vw, 1024px\" \/><\/div>\n<div><\/div>\n<p>[\/et_pb_text][\/et_pb_column][\/et_pb_row][\/et_pb_section]<\/p>","excerpt":"<p>PolenAllergie Festival<br \/>\nVeranstalter: Kulturzentrum Krakauer Haus und Kulturzentrum E-Werk<\/p>","slug":"kinga-glyk-trio-e-werk-erlangen","image":{"url":"https:\/\/www.krakauer-haus.de\/kh-test\/wp-content\/uploads\/2020\/08\/Kinga-Glyk-Trio-verlegt-e1602259694227.jpg","id":5707,"extension":"jpg","width":1000,"height":710,"sizes":{"medium":{"width":300,"height":213,"mime-type":"image\/jpeg","url":"https:\/\/www.krakauer-haus.de\/kh-test\/wp-content\/uploads\/2020\/08\/Kinga-Glyk-Trio-verlegt-300x213.jpg"},"large":{"width":1024,"height":727,"mime-type":"image\/jpeg","url":"https:\/\/www.krakauer-haus.de\/kh-test\/wp-content\/uploads\/2020\/08\/Kinga-Glyk-Trio-verlegt-1024x727.jpg"},"thumbnail":{"width":150,"height":150,"mime-type":"image\/jpeg","url":"https:\/\/www.krakauer-haus.de\/kh-test\/wp-content\/uploads\/2020\/08\/Kinga-Glyk-Trio-verlegt-150x150.jpg"},"medium_large":{"width":768,"height":545,"mime-type":"image\/jpeg","url":"https:\/\/www.krakauer-haus.de\/kh-test\/wp-content\/uploads\/2020\/08\/Kinga-Glyk-Trio-verlegt-768x545.jpg"},"1536x1536":{"width":1536,"height":1090,"mime-type":"image\/jpeg","url":"https:\/\/www.krakauer-haus.de\/kh-test\/wp-content\/uploads\/2020\/08\/Kinga-Glyk-Trio-verlegt-1536x1090.jpg"},"et-pb-post-main-image":{"width":400,"height":250,"mime-type":"image\/jpeg","url":"https:\/\/www.krakauer-haus.de\/kh-test\/wp-content\/uploads\/2020\/08\/Kinga-Glyk-Trio-verlegt-400x250.jpg"},"et-pb-post-main-image-fullwidth":{"width":1080,"height":675,"mime-type":"image\/jpeg","url":"https:\/\/www.krakauer-haus.de\/kh-test\/wp-content\/uploads\/2020\/08\/Kinga-Glyk-Trio-verlegt-1080x675.jpg"},"et-pb-portfolio-image":{"width":400,"height":284,"mime-type":"image\/jpeg","url":"https:\/\/www.krakauer-haus.de\/kh-test\/wp-content\/uploads\/2020\/08\/Kinga-Glyk-Trio-verlegt-400x284.jpg"},"et-pb-portfolio-module-image":{"width":510,"height":382,"mime-type":"image\/jpeg","url":"https:\/\/www.krakauer-haus.de\/kh-test\/wp-content\/uploads\/2020\/08\/Kinga-Glyk-Trio-verlegt-510x382.jpg"},"et-pb-portfolio-image-single":{"width":1080,"height":767,"mime-type":"image\/jpeg","url":"https:\/\/www.krakauer-haus.de\/kh-test\/wp-content\/uploads\/2020\/08\/Kinga-Glyk-Trio-verlegt-1080x767.jpg"},"et-pb-gallery-module-image-portrait":{"width":400,"height":516,"mime-type":"image\/jpeg","url":"https:\/\/www.krakauer-haus.de\/kh-test\/wp-content\/uploads\/2020\/08\/Kinga-Glyk-Trio-verlegt-400x516.jpg"},"et-pb-image--responsive--desktop":{"width":1280,"height":909,"mime-type":"image\/jpeg","url":"https:\/\/www.krakauer-haus.de\/kh-test\/wp-content\/uploads\/2020\/08\/Kinga-Glyk-Trio-verlegt-1280x909.jpg"},"et-pb-image--responsive--tablet":{"width":980,"height":696,"mime-type":"image\/jpeg","url":"https:\/\/www.krakauer-haus.de\/kh-test\/wp-content\/uploads\/2020\/08\/Kinga-Glyk-Trio-verlegt-980x696.jpg"},"et-pb-image--responsive--phone":{"width":480,"height":341,"mime-type":"image\/jpeg","url":"https:\/\/www.krakauer-haus.de\/kh-test\/wp-content\/uploads\/2020\/08\/Kinga-Glyk-Trio-verlegt-480x341.jpg"}}},"all_day":false,"start_date":"2020-10-21 20:00:00","start_date_details":{"year":"2020","month":"10","day":"21","hour":"20","minutes":"00","seconds":"00"},"end_date":"2020-10-21 20:00:00","end_date_details":{"year":"2020","month":"10","day":"21","hour":"20","minutes":"00","seconds":"00"},"utc_start_date":"2020-10-21 18:00:00","utc_start_date_details":{"year":"2020","month":"10","day":"21","hour":"18","minutes":"00","seconds":"00"},"utc_end_date":"2020-10-21 18:00:00","utc_end_date_details":{"year":"2020","month":"10","day":"21","hour":"18","minutes":"00","seconds":"00"},"timezone":"Europe\/Berlin","timezone_abbr":"CEST","cost":"26\u20ac","cost_details":{"currency_symbol":"\u20ac","currency_code":"","currency_position":"suffix","values":["26"]},"website":"","show_map":true,"show_map_link":false,"hide_from_listings":false,"sticky":true,"featured":true,"categories":[{"name":"Konzert","slug":"konzert","term_group":0,"term_taxonomy_id":10,"taxonomy":"tribe_events_cat","description":"","parent":0,"count":28,"filter":"raw","id":10,"urls":{"self":"https:\/\/www.krakauer-haus.de\/kh-test\/index.php\/wp-json\/tribe\/events\/v1\/categories\/10","collection":"https:\/\/www.krakauer-haus.de\/kh-test\/index.php\/wp-json\/tribe\/events\/v1\/categories"}}],"tags":[],"venue":{"id":5594,"author":"2","status":"publish","date":"2020-08-25 23:48:48","date_utc":"2020-08-25 21:48:48","modified":"2020-08-25 23:48:48","modified_utc":"2020-08-25 21:48:48","url":"https:\/\/www.krakauer-haus.de\/kh-test\/index.php\/veranstaltungsort\/kulturzentrum-e-werk\/","venue":"Kulturzentrum E-Werk","slug":"kulturzentrum-e-werk","address":"Fuchsenwiese 1","city":"Erlangen","country":"Deutschland","zip":"91054","website":"https:\/\/www.e-werk.de","json_ld":{"@type":"Place","name":"Kulturzentrum E-Werk","description":"","url":"","address":{"@type":"PostalAddress","streetAddress":"Fuchsenwiese 1","addressLocality":"Erlangen","postalCode":"91054","addressCountry":"Deutschland"},"telephone":"","sameAs":"https:\/\/www.e-werk.de"},"show_map":true,"show_map_link":true,"global_id":"www.krakauer-haus.de\/kh-test?id=5594","global_id_lineage":["www.krakauer-haus.de\/kh-test?id=5594"]},"organizer":[{"id":91,"author":"1","status":"publish","date":"2018-12-10 22:19:45","date_utc":"2018-12-10 21:19:45","modified":"2019-01-13 01:42:03","modified_utc":"2019-01-13 00:42:03","url":"https:\/\/www.krakauer-haus.de\/kh-test\/index.php\/veranstalter\/krakauer-haus\/","organizer":"Kulturzentrum Krakauer Haus","description":"<p><img loading=\"lazy\" decoding=\"async\" class=\"alignnone size-medium wp-image-1212\" src=\"http:\/\/www.krakauer-haus.de\/kh-test\/wp-content\/uploads\/2019\/01\/KH-HAUPT-1-300x106.png\" alt=\"\" width=\"300\" height=\"106\" srcset=\"https:\/\/www.krakauer-haus.de\/kh-test\/wp-content\/uploads\/2019\/01\/KH-HAUPT-1-300x106.png 300w, https:\/\/www.krakauer-haus.de\/kh-test\/wp-content\/uploads\/2019\/01\/KH-HAUPT-1.png 334w\" sizes=\"(max-width: 300px) 100vw, 300px\" \/><\/p>","slug":"krakauer-haus","website":"http:\/\/www.krakauer-haus.de","email":"kontakt@krakauer-haus.de","json_ld":{"@type":"Person","name":"Kulturzentrum Krakauer Haus","description":"","url":"http:\/\/www.krakauer-haus.de","telephone":"","email":"&#107;onta&#107;t&#64;&#107;&#114;akauer&#45;&#104;&#97;&#117;&#115;&#46;&#100;&#101;","sameAs":"http:\/\/www.krakauer-haus.de"},"global_id":"www.krakauer-haus.de\/kh-test?id=91","global_id_lineage":["www.krakauer-haus.de\/kh-test?id=91"]},{"id":5573,"author":"2","status":"publish","date":"2020-08-25 21:48:53","date_utc":"2020-08-25 19:48:53","modified":"2020-08-25 21:48:53","modified_utc":"2020-08-25 19:48:53","url":"https:\/\/www.krakauer-haus.de\/kh-test\/index.php\/veranstalter\/kulturzentrum-e-werk\/","organizer":"Kulturzentrum E-Werk","slug":"kulturzentrum-e-werk","website":"https:\/\/www.e-werk.de","json_ld":{"@type":"Person","name":"Kulturzentrum E-Werk","description":"","url":"https:\/\/www.e-werk.de","telephone":"","email":"","sameAs":"https:\/\/www.e-werk.de"},"global_id":"www.krakauer-haus.de\/kh-test?id=5573","global_id_lineage":["www.krakauer-haus.de\/kh-test?id=5573"]}],"custom_fields":[],"json_ld":{"@context":"http:\/\/schema.org","@type":"Event","name":"Kinga Glyk Trio \u2022 E-Werk \u2022 Erlangen","description":"&lt;p&gt;PolenAllergie Festival&lt;br \/&gt;\\nVeranstalter: Kulturzentrum Krakauer Haus und Kulturzentrum E-Werk&lt;\/p&gt;\\n","image":"https:\/\/www.krakauer-haus.de\/kh-test\/wp-content\/uploads\/2020\/08\/Kinga-Glyk-Trio-verlegt-e1602259694227.jpg","url":"https:\/\/www.krakauer-haus.de\/kh-test\/index.php\/event\/kinga-glyk-trio-e-werk-erlangen\/","eventAttendanceMode":"https:\/\/schema.org\/OfflineEventAttendanceMode","eventStatus":"https:\/\/schema.org\/EventScheduled","startDate":"2020-10-21T20:00:00+02:00","endDate":"2020-10-21T20:00:00+02:00","location":{"@type":"Place","name":"Kulturzentrum E-Werk","description":"","url":"","address":{"@type":"PostalAddress","streetAddress":"Fuchsenwiese 1","addressLocality":"Erlangen","postalCode":"91054","addressCountry":"Deutschland"},"telephone":"","sameAs":"https:\/\/www.e-werk.de"},"organizer":{"@type":"Person","name":"Kulturzentrum Krakauer Haus","description":"","url":"http:\/\/www.krakauer-haus.de","telephone":"","email":"&#107;on&#116;ak&#116;&#64;&#107;&#114;&#97;&#107;&#97;uer&#45;h&#97;&#117;s.&#100;&#101;","sameAs":"http:\/\/www.krakauer-haus.de"},"offers":{"@type":"Offer","price":"26","priceCurrency":"USD","url":"https:\/\/www.krakauer-haus.de\/kh-test\/index.php\/event\/kinga-glyk-trio-e-werk-erlangen\/","category":"primary","availability":"inStock","validFrom":"2020-08-25T00:00:00+00:00"},"performer":"Organization"},"ticketed":false}